{"id":82852,"date":"2017-10-09T05:01:00","date_gmt":"2017-10-09T08:01:00","guid":{"rendered":"http:\/\/progepe.ufpr.br\/portarias\/rt-2017-00666\/"},"modified":"2024-08-07T15:50:29","modified_gmt":"2024-08-07T18:50:29","slug":"rt-2017-00666","status":"publish","type":"post","link":"https:\/\/progepe.ufpr.br\/portarias\/rt-2017-00666\/","title":{"rendered":"PORTARIA N\u00ba 00666\/REITORIA, DE 09 DE OUTUBRO DE 2017"},"content":{"rendered":"\n<p style=\"padding-left:43%\">O Reitor da Universidade Federal do Paran\u00e1, no uso de suas atribui\u00e7\u00f5es e tendo em vista a indica\u00e7\u00e3o de nomes pela comiss\u00e3o espec\u00edfica de valida\u00e7\u00e3o de autodeclara\u00e7\u00e3o de candidatos a processos seletivos da UFPR autoidentificados pessoas com defici\u00eancia (CEV-PCD), conforme disposto no \u00a7 2\u00ba do Art. 12 da Resolu\u00e7\u00e3o n\u00ba 20\/2017-CEPE; e, o que consta no processo n\u00ba 23075.206500\/2017-31,<\/p>\n\n\n\n<p style=\"padding-left:43%\"><strong>RESOLVE:<\/strong><\/p>\n\n\n\n<p>Designar para compor o cadastro de consultores para valida\u00e7\u00e3o de autodeclara\u00e7\u00e3o de candidatos PCD, os seguintes membros:<\/p>\n\n\n\n<div style=\"height:0.5em\" aria-hidden=\"true\" class=\"wp-block-spacer\"><\/div>\n\n\n\n<p class=\"has-small-font-size\" style=\"padding-left:var(--wp--preset--spacing--40)\">ADRIANA HESSEL DALAGASSA &#8211; 2530950<br>ANA CAROLINA DA SILVA CYPRIANO RIBEIRO<br>ANA CECILIA GHENO DA SILVA<br>ANDREA LUCIA SERIO BERTOLDI<br>ANNE CAROLINE E SILVA G. NASCIMENTO<br>ARIANNE CARVALHO &#8211; 1227750<br>BRUNA GIMENES FERREIRA ARROYO POGGERE &#8211; 1829712<br>BRUNO SCOPEL &#8211; 2376589<br>CARLOS FERNANDO FRANCO MOSQUERA<br>CINTHIA FACANHA WENDEL &#8211; 2318225<br>CLAUDIA ALBERTINA KERBER &#8211; 1908622<br>CLOVIS BATISTA DE SOUZA &#8211; 1976677<br>CRISTIANE RIBEIRO DA SILVA<br>DANIELA CAETANO BIANCHINI DE QUADROS &#8211; 1650893<br>DANIELA KINDLEIN &#8211; 1253706<br>DIANA THEODORO &#8211; 2228337<br>EDIVALDO BERTHO<br>EMANUELLE AGUIAR DE ARAUJO<br>FELIPE AUGUSTO FERNANDES BORGES &#8211; 2189449<br>FRANCISCO RICARDO VIEIRA LINS<br>GISELE MINOZZO DOS SANTOS<br>GRAZIELE ALINE ZONTA &#8211; 1843647<br>GUILHERME SIMAS DO AMARAL CATANI<br>GUILHERME FONSECA DE OLIVEIRA<br>GUILHERME LOPES LATINI &#8211; 2269431<br>GUSTAVO DA CUNHA RIBAS<br>IASMIN ZANCHI BOUERI &#8211; 2278878<br>IZAQUE PEREIRA DE SOUZA<br>JARDEL PELISSARI MACHADO &#8211; 202745<br>JEFFERSON DIEGO DE JESUS &#8211; 1046177<br>JO\u00c3O SATIRO DANTAS DE ALMEIDA &#8211; 2318218<br>JOELMA PEREIRA &#8211; 2245816<br>JONATAS RODRIGUES MEDEIROS &#8211; 2088178<br>JOSE FERNANDO POLANSKI &#8211; 2036065<br>JULIANA BARBOSA FERRARI &#8211; 2641430<br>KARIANNY APARECIDA GEROTTO DEL MOURO &#8211; 2240175<br>KARIN VIANA WEISSHEIMER &#8211; 1923225<br>KELVY KADGE OLIVEIRA NOGUEIRA &#8211; 1657720<br>LAURA CERETTA MOREIRA &#8211; 1066094<br>LIGIA MARIA ROSSETTO &#8211; 1749692<br>LUCIA MARIA BUENO MION<br>LUCIANA VIEIRA CASTILHO WEINERT &#8211; 1767253<br>MARCELO CORREA CAVADINHA BARBOSA &#8211; 2171682<br>MARCIO HENRIQUE GROSS DGINKEL &#8211; 2273431<br>MARIA DE FATIMA JOAQUIM MINETTO &#8211; 1905744<br>MARIANA CHEDID JENSEN CUNHA<br>MATHEUS CRIVELARI FORTES<br>MAURO JOSE BELLI &#8211; 6342285<br>MELISSA VICENTINI &#8211; 1652121<br>MONICA BATOQUI FRAN\u00c7A &#8211; 2242637<br>NAURA TONIN ANGONESE &#8211; 2300052<br>PATRICIA PAULA SCHELP &#8211; 1761163<br>PRISCILA MARA SIM\u00d5ES &#8211; 2295109<br>QUELEN SILVEIRA CODEN &#8211; 2411329<br>RENATA CRISTINA DA COSTA GOTARDO &#8211; 1749662<br>RENATA BIGOLIN SIVIERO<br>RINGO BEZ DE JESUS &#8211; 1656059<br>RODRIGO ANTONIO MACHADO &#8211; 1475731<br>ROGERIO HAMERSCHMIDT &#8211; 3454291<br>ROSANGELA GEHRKE SEGER &#8211; 1170332<br>ROSANGELA VALACHINSKI GANDIN &#8211; 1475804<br>RUI FERNANDO PILOTTO &#8211; 340079<br>RUTH EUGENIA AMARANTE CIDADE<br>SOLANGE PEREIRA MARQUES ROSSATO &#8211; 2392537<br>SHIRLEY APARECIDA DOS SANTOS<br>STELLAMARIS M. FERREIRINHA<br>SUELI DE FATIMA FERNANDES &#8211; 1623807<br>TATIANA IZABELE JAWORSKI DE SA RIECHI &#8211; 2170463<br>TAYNA ROLIM GALV\u00c3O PEREIRA &#8211; 2401702<br>THIAGO RAFAEL MAZZAROLLO &#8211; 2344359<br>VANESSA CAROLINE DA SILVA<br>VICTORIA PAULINA KELLY VIEIRA<br>VITOR HUGO SAMBATI OLIVA &#8211; 2402614<br>WAGNER BITENCOURT &#8211; 2055737<br>YHANN HAFAEL TRAD PERANDRE &#8211; 2192314<\/p>\n\n\n\n<div style=\"height:0.5em\" aria-hidden=\"true\" class=\"wp-block-spacer\"><\/div>\n","protected":false},"excerpt":{"rendered":"<p>Designar para compor o cadastro de consultores para valida\u00e7\u00e3o de autodeclara\u00e7\u00e3o de candidatos PCD, os seguintes membros:  {&#8220;height&#8221;:&#8221;0.5em&#8221;} <\/p>\n<div style=\"height:0.5em\" aria-hidden=\"true\" class=\"wp-block-spacer\"> <!-- \/wp:spacer  <!-- wp:paragraph {\"style\":{\"spacing\":{\"padding\":{\"left\":\"var:preset|spacing|40\"}}},\"fontSize\":\"small\"} \n\n<p class=\"has-small-font-size\" style=\"padding-left:var(--wp--preset--spacing--40)\">ADRIANA HESSEL DALAGASSA - 2530950<br \/>ANA CAROLINA DA SILVA CYPRIANO RIBEIRO<br \/>ANA CECILIA GHENO DA SILVA<br \/>ANDREA LUCIA SERIO BERTOLDI<br \/>ANNE CAROLINE E SILVA G. NASCIMENTO<br \/>ARIANNE CARVALHO - 1227750<br \/>BRUNA GIMENES FERREIRA ARROYO POGGERE - 1829712<br \/>BRUNO SCOPEL - 2376589<br \/>CARLOS FERNANDO FRANCO MOSQUERA<br \/>CINTHIA FACANHA WENDEL - 2318225<br \/>CLAUDIA ALBERTINA KERBER - 1908622<br \/>CLOVIS BATISTA DE SOUZA - 1976677<br \/>CRISTIANE RIBEIRO DA SILVA<br \/>DANIELA CAETANO BIANCHINI DE QUADROS - 1650893<br \/>DANIELA KINDLEIN - 1253706<br \/>DIANA THEODORO - 2228337<br \/>EDIVALDO BER\n<\/p>\n","protected":false},"author":41,"featured_media":0,"comment_status":"closed","ping_status":"open","sticky":false,"template":"","format":"standard","meta":{"_acf_changed":false,"iawp_total_views":13,"footnotes":""},"categories":[117],"tags":[119],"class_list":["post-82852","post","type-post","status-publish","format-standard","hentry","category-rt","tag-diversos"],"acf":[],"_links":{"self":[{"href":"https:\/\/progepe.ufpr.br\/portarias\/wp-json\/wp\/v2\/posts\/82852","targetHints":{"allow":["GET"]}}],"collection":[{"href":"https:\/\/progepe.ufpr.br\/portarias\/wp-json\/wp\/v2\/posts"}],"about":[{"href":"https:\/\/progepe.ufpr.br\/portarias\/wp-json\/wp\/v2\/types\/post"}],"author":[{"embeddable":true,"href":"https:\/\/progepe.ufpr.br\/portarias\/wp-json\/wp\/v2\/users\/41"}],"replies":[{"embeddable":true,"href":"https:\/\/progepe.ufpr.br\/portarias\/wp-json\/wp\/v2\/comments?post=82852"}],"version-history":[{"count":5,"href":"https:\/\/progepe.ufpr.br\/portarias\/wp-json\/wp\/v2\/posts\/82852\/revisions"}],"predecessor-version":[{"id":256816,"href":"https:\/\/progepe.ufpr.br\/portarias\/wp-json\/wp\/v2\/posts\/82852\/revisions\/256816"}],"wp:attachment":[{"href":"https:\/\/progepe.ufpr.br\/portarias\/wp-json\/wp\/v2\/media?parent=82852"}],"wp:term":[{"taxonomy":"category","embeddable":true,"href":"https:\/\/progepe.ufpr.br\/portarias\/wp-json\/wp\/v2\/categories?post=82852"},{"taxonomy":"post_tag","embeddable":true,"href":"https:\/\/progepe.ufpr.br\/portarias\/wp-json\/wp\/v2\/tags?post=82852"}],"curies":[{"name":"wp","href":"https:\/\/api.w.org\/{rel}","templated":true}]}}