{"id":82861,"date":"2017-12-08T05:04:00","date_gmt":"2017-12-08T07:04:00","guid":{"rendered":"http:\/\/progepe.ufpr.br\/portarias\/rt-2017-00821\/"},"modified":"2024-04-17T09:55:26","modified_gmt":"2024-04-17T12:55:26","slug":"rt-2017-00821","status":"publish","type":"post","link":"https:\/\/progepe.ufpr.br\/portarias\/rt-2017-00821\/","title":{"rendered":"PORTARIA N\u00ba 00821\/REITORIA, DE 08 DE DEZEMBRO DE 2017"},"content":{"rendered":"\n<p style=\"padding-left:43%\">O Reitor da Universidade Federal do Paran\u00e1, no uso de suas atribui\u00e7\u00f5es e tendo em vista o que consta no processo n\u00ba 23075.218049\/2017-03,<\/p>\n\n\n\n<p style=\"padding-left:43%\"><strong>RESOLVE:<\/strong><\/p>\n\n\n\n<p>Alterar a <a href=\"https:\/\/progepe.ufpr.br\/portarias\/rt-2017-00810\/\" data-type=\"post\" data-id=\"82859\">Portaria n\u00ba 810\/REITORIA, de 07 de dezembro de 2017<\/a>:<\/p>\n\n\n\n<p style=\"padding-left:var(--wp--preset--spacing--30)\">Art. 1\u00ba &#8211; Instituir o Comit\u00ea de Governan\u00e7a, Riscos e Controles Internos &#8211; <strong>CGRC<\/strong> no \u00e2mbito da UFPR, \u00f3rg\u00e3o colegiado de natureza deliberativa e de car\u00e1ter permanente, o qual ser\u00e1 composto pelos seguintes membros:<\/p>\n\n\n\n<p style=\"padding-left:var(--wp--preset--spacing--50)\">I. Magn\u00edfico Reitor;<\/p>\n\n\n\n<p style=\"padding-left:var(--wp--preset--spacing--50)\">II. Pr\u00f3-Reitores;<\/p>\n\n\n\n<p style=\"padding-left:var(--wp--preset--spacing--50)\">III. Um representante da Coordenadoria de Governan\u00e7a e Riscos &#8211; <strong>CGR<\/strong>;<\/p>\n\n\n\n<p style=\"padding-left:var(--wp--preset--spacing--50)\">IV. Um representante da Auditoria Interna da UFPR &#8211; AUDIN.<\/p>\n\n\n\n<p style=\"padding-left:var(--wp--preset--spacing--40)\">\u00a7 1\u00ba &#8211; O Comit\u00ea ser\u00e1 presidido pelo Magn\u00edfico Reitor.<\/p>\n\n\n\n<p style=\"padding-left:var(--wp--preset--spacing--40)\">\u00a7 2\u00ba &#8211; Nos impedimentos e afastamentos dos titulares, o <strong>CGRC<\/strong> ser\u00e1 composto por seus substitutos legais.<\/p>\n\n\n\n<p style=\"padding-left:var(--wp--preset--spacing--40)\">\u00a7 3\u00ba &#8211; A participa\u00e7\u00e3o dos membros no Comit\u00ea, a qualquer tempo, \u00e9 considerada servi\u00e7o de natureza relevante e n\u00e3o enseja qualquer tipo de remunera\u00e7\u00e3o.<\/p>\n\n\n\n<p style=\"padding-left:var(--wp--preset--spacing--40)\">\u00a7 4\u00ba &#8211; O <strong>CGRC<\/strong> ser\u00e1 apoiado pela Coordenadoria de Governan\u00e7a e Riscos da UFPR &#8211; <strong>CGR<\/strong>, fornecendo subs\u00eddios para a tomada de decis\u00e3o.<\/p>\n\n\n\n<p style=\"padding-left:var(--wp--preset--spacing--30)\">Art. 2\u00ba &#8211; Compete ao Comit\u00ea de Governan\u00e7a, Riscos e Controles:<\/p>\n\n\n\n<p style=\"padding-left:var(--wp--preset--spacing--40)\">I. Promover pr\u00e1ticas e princ\u00edpios de conduta e padr\u00f5es de comportamentos;<\/p>\n\n\n\n<p style=\"padding-left:var(--wp--preset--spacing--40)\">II. Institucionalizar estruturas adequadas de governan\u00e7a, gest\u00e3o de riscos e controles internos;<\/p>\n\n\n\n<p style=\"padding-left:var(--wp--preset--spacing--40)\">III. Promover o desenvolvimento cont\u00ednuo dos agentes p\u00fablicos e incentivar a ado\u00e7\u00e3o de boas pr\u00e1ticas de governan\u00e7a, de gest\u00e3o de riscos e de controles internos;<\/p>\n\n\n\n<p style=\"padding-left:var(--wp--preset--spacing--40)\">IV. Garantir a ader\u00eancia \u00e0s regulamenta\u00e7\u00f5es, leis, c\u00f3digos, normas e padr\u00f5es, com vistas \u00e0 condu\u00e7\u00e3o das pol\u00edticas e \u00e0 presta\u00e7\u00e3o de servi\u00e7os de interesse p\u00fablico;<\/p>\n\n\n\n<p style=\"padding-left:var(--wp--preset--spacing--40)\">V. Promover a integra\u00e7\u00e3o dos agentes respons\u00e1veis pela governan\u00e7a, pela gest\u00e3o de riscos e pelos controles internos;<\/p>\n\n\n\n<p style=\"padding-left:var(--wp--preset--spacing--40)\">VI. Promover a ado\u00e7\u00e3o de pr\u00e1ticas que institucionalizem a responsabilidade dos agentes p\u00fablicos na presta\u00e7\u00e3o de contas, na transpar\u00eancia e na efetividade das informa\u00e7\u00f5es;<\/p>\n\n\n\n<p style=\"padding-left:var(--wp--preset--spacing--40)\">VII. Aprovar pol\u00edtica, diretrizes, metodologias e mecanismos para comunica\u00e7\u00e3o e institucionaliza\u00e7\u00e3o da gest\u00e3o de riscos e dos controles internos;<\/p>\n\n\n\n<p style=\"padding-left:var(--wp--preset--spacing--40)\">VIII. Supervisionar o mapeamento e avalia\u00e7\u00e3o dos riscos-chave que podem comprometer a presta\u00e7\u00e3o de servi\u00e7os de interesse p\u00fablico;<\/p>\n\n\n\n<p style=\"padding-left:var(--wp--preset--spacing--40)\">IX. Liderar e supervisionar a institucionaliza\u00e7\u00e3o da gest\u00e3o de riscos e dos controles internos, oferecendo suporte necess\u00e1rio para sua efetiva implementa\u00e7\u00e3o no \u00f3rg\u00e3o ou entidade;<\/p>\n\n\n\n<p style=\"padding-left:var(--wp--preset--spacing--40)\">X. Estabelecer limites de exposi\u00e7\u00e3o a riscos globais do \u00f3rg\u00e3o, bem com os limites de al\u00e7ada ao n\u00edvel de unidade, pol\u00edtica p\u00fablica, ou atividade;<\/p>\n\n\n\n<p style=\"padding-left:var(--wp--preset--spacing--40)\">XI. Aprovar e supervisionar m\u00e9todo de prioriza\u00e7\u00e3o de temas e macroprocessos para gerenciamento de riscos e implementa\u00e7\u00e3o dos controles internos da gest\u00e3o;<\/p>\n\n\n\n<p style=\"padding-left:var(--wp--preset--spacing--40)\">XII. Emitir recomenda\u00e7\u00e3o para o aprimoramento da governan\u00e7a, da gest\u00e3o de riscos e dos controles internos; e,<\/p>\n\n\n\n<p style=\"padding-left:var(--wp--preset--spacing--40)\">XIII. Monitorar as recomenda\u00e7\u00f5es e orienta\u00e7\u00f5es deliberadas por este Comit\u00ea.<\/p>\n\n\n\n<p style=\"padding-left:var(--wp--preset--spacing--30)\">Art. 3\u00aa &#8211; Esta Portaria entra em vigor a partir desta data.<\/p>\n","protected":false},"excerpt":{"rendered":"<p>Alterar a <a href=\"https:\/\/progepe.ufpr.br\/portarias\/rt-2017-00810\/\" data-type=\"post\" data-id=\"82859\">Portaria n\u00ba 810\/REITORIA, de 07 de dezembro de 2017<\/a>:  <!-- wp:paragraph {\"style\":{\"spacing\":{\"padding\":{\"left\":\"var:preset|spacing|30\"}}}} \n\n<p style=\"padding-left:var(--wp--preset--spacing--30)\">Art. 1\u00ba - Instituir o Comit\u00ea de Governan\u00e7a, Riscos e Controles Internos - <strong>CGRC<\/strong> no \u00e2mbito da UFPR, \u00f3rg\u00e3o colegiado de natureza deliberativa e de car\u00e1ter permanente, o qual ser\u00e1 composto pelos seguintes membros:  <!-- wp:paragraph {\"style\":{\"spacing\":{\"padding\":{\"left\":\"var:preset|spacing|50\"}}}} \n\n<p style=\"padding-left:var(--wp--preset--spacing--50)\">I. Magn\u00edfico Reitor;  <!-- wp:paragraph {\"style\":{\"spacing\":{\"padding\":{\"left\":\"var:preset|spacing|50\"}}}} \n\n<p style=\"padding-left:var(--wp--preset--spacing--50)\">II. Pr\u00f3-Reitores;  <!-- wp:paragraph {\"style\":{\"spacing\":{\"padding\":{\"left\":\"var:preset|spacing|50\"}}}} \n\n<p style=\"padding-left:var(--wp--preset--spacing--50)\">III. Um r\n<\/p>\n","protected":false},"author":41,"featured_media":0,"comment_status":"closed","ping_status":"open","sticky":false,"template":"","format":"standard","meta":{"_acf_changed":false,"iawp_total_views":2,"footnotes":""},"categories":[117],"tags":[119],"class_list":["post-82861","post","type-post","status-publish","format-standard","hentry","category-rt","tag-diversos"],"acf":[],"_links":{"self":[{"href":"https:\/\/progepe.ufpr.br\/portarias\/wp-json\/wp\/v2\/posts\/82861","targetHints":{"allow":["GET"]}}],"collection":[{"href":"https:\/\/progepe.ufpr.br\/portarias\/wp-json\/wp\/v2\/posts"}],"about":[{"href":"https:\/\/progepe.ufpr.br\/portarias\/wp-json\/wp\/v2\/types\/post"}],"author":[{"embeddable":true,"href":"https:\/\/progepe.ufpr.br\/portarias\/wp-json\/wp\/v2\/users\/41"}],"replies":[{"embeddable":true,"href":"https:\/\/progepe.ufpr.br\/portarias\/wp-json\/wp\/v2\/comments?post=82861"}],"version-history":[{"count":4,"href":"https:\/\/progepe.ufpr.br\/portarias\/wp-json\/wp\/v2\/posts\/82861\/revisions"}],"predecessor-version":[{"id":255515,"href":"https:\/\/progepe.ufpr.br\/portarias\/wp-json\/wp\/v2\/posts\/82861\/revisions\/255515"}],"wp:attachment":[{"href":"https:\/\/progepe.ufpr.br\/portarias\/wp-json\/wp\/v2\/media?parent=82861"}],"wp:term":[{"taxonomy":"category","embeddable":true,"href":"https:\/\/progepe.ufpr.br\/portarias\/wp-json\/wp\/v2\/categories?post=82861"},{"taxonomy":"post_tag","embeddable":true,"href":"https:\/\/progepe.ufpr.br\/portarias\/wp-json\/wp\/v2\/tags?post=82861"}],"curies":[{"name":"wp","href":"https:\/\/api.w.org\/{rel}","templated":true}]}}