{"id":83078,"date":"2017-01-12T05:04:00","date_gmt":"2017-01-12T07:04:00","guid":{"rendered":"http:\/\/progepe.ufpr.br\/portarias\/rt-2017-00046\/"},"modified":"2023-08-03T13:11:41","modified_gmt":"2023-08-03T16:11:41","slug":"rt-2017-00046","status":"publish","type":"post","link":"https:\/\/progepe.ufpr.br\/portarias\/rt-2017-00046\/","title":{"rendered":"PORTARIA N\u00ba 00046\/REITORIA, DE 12 DE JANEIRO DE 2017"},"content":{"rendered":"\n<p>O Reitor da Universidade Federal do Paran\u00e1, no uso de suas atribui\u00e7\u00f5es e tendo em vista o que consta processo n\u00ba 165694\/2016-27.<\/p>\n\n\n<p><strong>RESOLVE:<\/strong><\/p>\n\n\n<p>Designar, no per\u00edodo de 21 de dezembro de 2016 a 18 de junho de 2017. como representantes docentes junto ao Conselho de Curadores da Universidade Federal do Paran\u00e1, os seguintes membros: Titulares: MARIA JOSE JERONIMO DE SANTANA PONTE &#8211; 125032 MARIONILDE DIAS BREPOHL DE MAGALH\u00c3ES &#8211; 096270 Suplentes: EMANUEL MALTEMPI DE SOUZA &#8211; 104140 ELIMAR SZANIA WSKI &#8211; 070521 JOICE MARA FACCO STEFANELLO &#8211; 186627 reelo Fonseca mew<\/p>\n\n\n<div style=\"height:15px\" aria-hidden=\"true\" class=\"wp-block-spacer\"><\/div>\n\n\n<div class=\"wp-block-buttons is-content-justification-right is-layout-flex wp-container-core-buttons-is-layout-1 wp-block-buttons-is-layout-flex\">\n<div class=\"wp-block-button has-custom-font-size is-style-outline has-small-font-size is-style-outline--1\"><a class=\"wp-block-button__link\" href=\"https:\/\/progepe.ufpr.br\/portarias\/wp-content\/uploads\/pcp\/RT\/2017\/046R.pdf\" style=\"border-radius:0px\" target=\"_blank\" rel=\"noreferrer noopener\">Acesse o arquivo da portaria<\/a><\/div><\/div>\n","protected":false},"excerpt":{"rendered":"<p>Designar, no per\u00edodo de 21 de dezembro de 2016 a 18 de junho de 2017. como representantes docentes junto ao Conselho de Curadores da Universidade Federal do Paran\u00e1, os seguintes membros: Titulares: MARIA JOSE JERONIMO DE SANTANA PONTE &#8211; 125032 MARIONILDE DIAS BREPOHL DE MAGALH\u00c3ES &#8211; 096270 Suplentes: EMANUEL MALTEMPI DE SOUZA &#8211; 104140 ELIMAR SZANIA WSKI &#8211; 070521 JOICE MARA FACCO STEFANELLO &#8211; 186627 reelo Fonseca mew  {&#8220;height&#8221;:&#8221;15px&#8221;} <\/p>\n<div style=\"height:15px\" aria-hidden=\"true\" class=\"wp-block-spacer\"> <!-- \/wp:spacer  {\"layout\":{\"type\":\"flex\",\"justifyContent\":\"right\"}} \n\n<div class=\"wp-block-buttons\"><!-- wp:button {\"style\":{\"border\":{\"radius\":\"0px\"}},\"className\":\"is-style-outline\",\"fontSize\":\"small\"} \n\n<div class=\"wp-block-button has-custom-font-size is-style-outline has-small-font-size\"><a class=\"wp-block-button__link\" href=\"https:\/\/progepe.ufpr.br\/portarias\/wp-content\/uploads\/pcp\/RT\/2017\/046R.pdf\" style=\"border-radius:0px\" target=\"_blank\" rel=\"noreferrer noopener\">Acesse o arquivo da\n<\/p>\n","protected":false},"author":41,"featured_media":0,"comment_status":"closed","ping_status":"open","sticky":false,"template":"wp-custom-template-emissao-entre-01-05-2004-ate-30-06-2017","format":"standard","meta":{"_acf_changed":false,"iawp_total_views":0,"footnotes":""},"categories":[117],"tags":[126],"class_list":["post-83078","post","type-post","status-publish","format-standard","hentry","category-rt","tag-representante"],"acf":[],"_links":{"self":[{"href":"https:\/\/progepe.ufpr.br\/portarias\/wp-json\/wp\/v2\/posts\/83078","targetHints":{"allow":["GET"]}}],"collection":[{"href":"https:\/\/progepe.ufpr.br\/portarias\/wp-json\/wp\/v2\/posts"}],"about":[{"href":"https:\/\/progepe.ufpr.br\/portarias\/wp-json\/wp\/v2\/types\/post"}],"author":[{"embeddable":true,"href":"https:\/\/progepe.ufpr.br\/portarias\/wp-json\/wp\/v2\/users\/41"}],"replies":[{"embeddable":true,"href":"https:\/\/progepe.ufpr.br\/portarias\/wp-json\/wp\/v2\/comments?post=83078"}],"version-history":[{"count":1,"href":"https:\/\/progepe.ufpr.br\/portarias\/wp-json\/wp\/v2\/posts\/83078\/revisions"}],"predecessor-version":[{"id":137989,"href":"https:\/\/progepe.ufpr.br\/portarias\/wp-json\/wp\/v2\/posts\/83078\/revisions\/137989"}],"wp:attachment":[{"href":"https:\/\/progepe.ufpr.br\/portarias\/wp-json\/wp\/v2\/media?parent=83078"}],"wp:term":[{"taxonomy":"category","embeddable":true,"href":"https:\/\/progepe.ufpr.br\/portarias\/wp-json\/wp\/v2\/categories?post=83078"},{"taxonomy":"post_tag","embeddable":true,"href":"https:\/\/progepe.ufpr.br\/portarias\/wp-json\/wp\/v2\/tags?post=83078"}],"curies":[{"name":"wp","href":"https:\/\/api.w.org\/{rel}","templated":true}]}}