{"id":83099,"date":"2017-05-30T05:02:00","date_gmt":"2017-05-30T08:02:00","guid":{"rendered":"http:\/\/progepe.ufpr.br\/portarias\/rt-2017-00378\/"},"modified":"2023-08-03T13:12:15","modified_gmt":"2023-08-03T16:12:15","slug":"rt-2017-00378","status":"publish","type":"post","link":"https:\/\/progepe.ufpr.br\/portarias\/rt-2017-00378\/","title":{"rendered":"PORTARIA N\u00ba 00378\/REITORIA, DE 30 DE MAIO DE 2017"},"content":{"rendered":"\n<p>O Reitor da Universidade Federal do Paran\u00e1, no uso de suas atribui\u00e7\u00f5es e tendo em vista o que consta no processo n\u00ba 23075.172147\/2017-89,<\/p>\n\n\n<p><strong>RESOLVE:<\/strong><\/p>\n\n\n<p>I. Exonerar, a partir de 24 de maio de 2017, o servidor CARLOS EDUARDO ZACARKIM &#8211; 1711973, Professor, do cargo de representante Suplente do F\u00f3rum de Coordenadores dos Cursos de Gradua\u00e7\u00e3o da UFPR, junto ao Conselho de Ensino, Pesquisa e Extens\u00e3o &#8211; CEPE, designado conforme Portaria n\u00ba 240\/REITOR, de 04 de abril de 2017.<\/p><p> II. Designar os servidores CARLOS EDUARDO ZACARKIM &#8211; 1711973, Coordenador do Curso de Engenharia de Aquicultura do Setor Palotina e NILCE NAZARENO DA FONTE &#8211; 343046, Coordenadora do Curso de Farm\u00e1cia do Setor de Ci\u00eancias da Sa\u00fade, como representantes Titular e Suplente, respectivamente, do F\u00f3rum de Coordenadores dos Cursos de Gradua\u00e7\u00e3o da UFPR, junto ao Conselho de Ensino Pesquisa e Extens\u00e3o &#8211; CEPE, por 01 (um) ano, a partir de 25 de maio de 2017.<\/p><p><\/p>\n\n\n<div style=\"height:15px\" aria-hidden=\"true\" class=\"wp-block-spacer\"><\/div>\n\n\n<div class=\"wp-block-buttons is-content-justification-right is-layout-flex wp-container-core-buttons-is-layout-1 wp-block-buttons-is-layout-flex\">\n<div class=\"wp-block-button has-custom-font-size is-style-outline has-small-font-size is-style-outline--1\"><a class=\"wp-block-button__link\" href=\"https:\/\/progepe.ufpr.br\/portarias\/wp-content\/uploads\/pcp\/RT\/2017\/378R.pdf\" style=\"border-radius:0px\" target=\"_blank\" rel=\"noreferrer noopener\">Acesse o arquivo da portaria<\/a><\/div><\/div>\n","protected":false},"excerpt":{"rendered":"<p>I. Exonerar, a partir de 24 de maio de 2017, o servidor CARLOS EDUARDO ZACARKIM &#8211; 1711973, Professor, do cargo de representante Suplente do F\u00f3rum de Coordenadores dos Cursos de Gradua\u00e7\u00e3o da UFPR, junto ao Conselho de Ensino, Pesquisa e Extens\u00e3o &#8211; CEPE, designado conforme Portaria n\u00ba 240\/REITOR, de 04 de abril de 2017. II. Designar os servidores CARLOS EDUARDO ZACARKIM &#8211; 1711973, Coordenador do Curso de Engenharia de Aquicultura do Setor Palotina e NILCE NAZARENO DA FONTE &#8211; 343046, Coordenadora do Curso de Farm\u00e1cia do Setor de Ci\u00eancias da Sa\u00fade, como representantes Titular e Suplente, respectivamente, do<\/p>\n","protected":false},"author":41,"featured_media":0,"comment_status":"closed","ping_status":"open","sticky":false,"template":"","format":"standard","meta":{"_acf_changed":false,"iawp_total_views":0,"footnotes":""},"categories":[117],"tags":[126],"class_list":["post-83099","post","type-post","status-publish","format-standard","hentry","category-rt","tag-representante"],"acf":[],"_links":{"self":[{"href":"https:\/\/progepe.ufpr.br\/portarias\/wp-json\/wp\/v2\/posts\/83099","targetHints":{"allow":["GET"]}}],"collection":[{"href":"https:\/\/progepe.ufpr.br\/portarias\/wp-json\/wp\/v2\/posts"}],"about":[{"href":"https:\/\/progepe.ufpr.br\/portarias\/wp-json\/wp\/v2\/types\/post"}],"author":[{"embeddable":true,"href":"https:\/\/progepe.ufpr.br\/portarias\/wp-json\/wp\/v2\/users\/41"}],"replies":[{"embeddable":true,"href":"https:\/\/progepe.ufpr.br\/portarias\/wp-json\/wp\/v2\/comments?post=83099"}],"version-history":[{"count":1,"href":"https:\/\/progepe.ufpr.br\/portarias\/wp-json\/wp\/v2\/posts\/83099\/revisions"}],"predecessor-version":[{"id":138010,"href":"https:\/\/progepe.ufpr.br\/portarias\/wp-json\/wp\/v2\/posts\/83099\/revisions\/138010"}],"wp:attachment":[{"href":"https:\/\/progepe.ufpr.br\/portarias\/wp-json\/wp\/v2\/media?parent=83099"}],"wp:term":[{"taxonomy":"category","embeddable":true,"href":"https:\/\/progepe.ufpr.br\/portarias\/wp-json\/wp\/v2\/categories?post=83099"},{"taxonomy":"post_tag","embeddable":true,"href":"https:\/\/progepe.ufpr.br\/portarias\/wp-json\/wp\/v2\/tags?post=83099"}],"curies":[{"name":"wp","href":"https:\/\/api.w.org\/{rel}","templated":true}]}}