{"id":83136,"date":"2017-12-20T05:03:00","date_gmt":"2017-12-20T07:03:00","guid":{"rendered":"http:\/\/progepe.ufpr.br\/portarias\/rt-2017-00861\/"},"modified":"2023-08-03T13:13:04","modified_gmt":"2023-08-03T16:13:04","slug":"rt-2017-00861","status":"publish","type":"post","link":"https:\/\/progepe.ufpr.br\/portarias\/rt-2017-00861\/","title":{"rendered":"PORTARIA N\u00ba 00861\/REITORIA, DE 20 DE DEZEMBRO DE 2017"},"content":{"rendered":"\n<p>O Reitor da Universidade Federal do Paran\u00e1, no uso de suas atribui\u00e7\u00f5es e tendo em vista o que consta processo n\u00ba 23075.174203\/2017-10,<\/p>\n\n\n<p><strong>RESOLVE:<\/strong><\/p>\n\n\n<p>Designar, no per\u00edodo de 05 de dezembro de 2017 a 04 de dezembro de 2019, como representantes docentes junto ao Conselho de Curadores da Universidade Federal do Paran\u00e1, os seguintes membros: Titulares: MARIA JOSE JERONIMO DE SANTANA PONTE &#8211; 1046632 FERNANDO ANTONIO PRADO GIMENEZ &#8211; 1961990 MARIONILDE DIAS BREPOHL DE MAGALH\u00c3ES &#8211; 342600 LUCIANE MARINONI &#8211; 1060886 EDSON GOMES TRIST\u00c3O &#8211; 7341838 Suplentes: EDELCLAITON DAROS &#8211; 340902 PAULO DE ANDRADE JACINTO &#8211; 1191891 MARCIO SERGIO BATISTA SILVEIRA DE OLIVEIRA &#8211; 1169957 CAROLINA ARRUDA DE OLIVEIRA FREIRE &#8211; 2203252 ADRIANA ROSELI WUNSCH TAKAHASHI &#8211; 1264307<\/p>\n\n\n<div style=\"height:15px\" aria-hidden=\"true\" class=\"wp-block-spacer\"><\/div>\n\n\n<div class=\"wp-block-buttons is-content-justification-right is-layout-flex wp-container-core-buttons-is-layout-1 wp-block-buttons-is-layout-flex\">\n<div class=\"wp-block-button has-custom-font-size is-style-outline has-small-font-size is-style-outline--1\"><a class=\"wp-block-button__link\" href=\"https:\/\/progepe.ufpr.br\/portarias\/wp-content\/uploads\/pcp\/RT\/2017\/861R.pdf\" style=\"border-radius:0px\" target=\"_blank\" rel=\"noreferrer noopener\">Acesse o arquivo da portaria<\/a><\/div><\/div>\n","protected":false},"excerpt":{"rendered":"<p>Designar, no per\u00edodo de 05 de dezembro de 2017 a 04 de dezembro de 2019, como representantes docentes junto ao Conselho de Curadores da Universidade Federal do Paran\u00e1, os seguintes membros: Titulares: MARIA JOSE JERONIMO DE SANTANA PONTE &#8211; 1046632 FERNANDO ANTONIO PRADO GIMENEZ &#8211; 1961990 MARIONILDE DIAS BREPOHL DE MAGALH\u00c3ES &#8211; 342600 LUCIANE MARINONI &#8211; 1060886 EDSON GOMES TRIST\u00c3O &#8211; 7341838 Suplentes: EDELCLAITON DAROS &#8211; 340902 PAULO DE ANDRADE JACINTO &#8211; 1191891 MARCIO SERGIO BATISTA SILVEIRA DE OLIVEIRA &#8211; 1169957 CAROLINA ARRUDA DE OLIVEIRA FREIRE &#8211; 2203252 ADRIANA ROSELI WUNSCH TAKAHASHI &#8211; 1264307  {&#8220;height&#8221;:&#8221;15px&#8221;} <\/p>\n<div style=\"height:15px\" \n\n","protected":false},"author":41,"featured_media":0,"comment_status":"closed","ping_status":"open","sticky":false,"template":"","format":"standard","meta":{"_acf_changed":false,"iawp_total_views":1,"footnotes":""},"categories":[117],"tags":[126],"class_list":["post-83136","post","type-post","status-publish","format-standard","hentry","category-rt","tag-representante"],"acf":[],"_links":{"self":[{"href":"https:\/\/progepe.ufpr.br\/portarias\/wp-json\/wp\/v2\/posts\/83136","targetHints":{"allow":["GET"]}}],"collection":[{"href":"https:\/\/progepe.ufpr.br\/portarias\/wp-json\/wp\/v2\/posts"}],"about":[{"href":"https:\/\/progepe.ufpr.br\/portarias\/wp-json\/wp\/v2\/types\/post"}],"author":[{"embeddable":true,"href":"https:\/\/progepe.ufpr.br\/portarias\/wp-json\/wp\/v2\/users\/41"}],"replies":[{"embeddable":true,"href":"https:\/\/progepe.ufpr.br\/portarias\/wp-json\/wp\/v2\/comments?post=83136"}],"version-history":[{"count":1,"href":"https:\/\/progepe.ufpr.br\/portarias\/wp-json\/wp\/v2\/posts\/83136\/revisions"}],"predecessor-version":[{"id":138047,"href":"https:\/\/progepe.ufpr.br\/portarias\/wp-json\/wp\/v2\/posts\/83136\/revisions\/138047"}],"wp:attachment":[{"href":"https:\/\/progepe.ufpr.br\/portarias\/wp-json\/wp\/v2\/media?parent=83136"}],"wp:term":[{"taxonomy":"category","embeddable":true,"href":"https:\/\/progepe.ufpr.br\/portarias\/wp-json\/wp\/v2\/categories?post=83136"},{"taxonomy":"post_tag","embeddable":true,"href":"https:\/\/progepe.ufpr.br\/portarias\/wp-json\/wp\/v2\/tags?post=83136"}],"curies":[{"name":"wp","href":"https:\/\/api.w.org\/{rel}","templated":true}]}}