{"id":83137,"date":"2017-12-20T05:04:00","date_gmt":"2017-12-20T07:04:00","guid":{"rendered":"http:\/\/progepe.ufpr.br\/portarias\/rt-2017-00862\/"},"modified":"2023-08-03T13:13:04","modified_gmt":"2023-08-03T16:13:04","slug":"rt-2017-00862","status":"publish","type":"post","link":"https:\/\/progepe.ufpr.br\/portarias\/rt-2017-00862\/","title":{"rendered":"PORTARIA N\u00ba 00862\/REITORIA, DE 20 DE DEZEMBRO DE 2017"},"content":{"rendered":"\n<p>O Reitor da Universidade Federal do Paran\u00e1, no uso de suas atribui\u00e7\u00f5es e tendo em vista o contido no processo n\u00ba 23075.182829\/2017-08,<\/p>\n\n\n<p><strong>RESOLVE:<\/strong><\/p>\n\n\n<p>Designar, conforme relacionado abaixo, os representantes da comunidade junto aos Conselhos Superiores, pelo per\u00edodo indicado: Conselho de Ensino, Pesquisa e Extens\u00e3o &#8211; CEPE (Per\u00edodo: 28\/09\/2017 a 27\/09\/2019) Titulares: CAROLINE ARNS ARRUDA GUILHERME BRENNER LUCCHESI Suplentes: MARIA CRISTHINA DE SOUZA ROCHA MAIRA SILVA MARQUES DA FONSECA Conselho de Planejamento e Administra\u00e7\u00e3o &#8211; COPLAD (Per\u00edodo: 27\/09\/2017 a 26\/09\/2019) Titulares: ANTONINHO CARON ILDA LOPES WITIUK Suplentes: BERNADETE ZAGONEL DARLI DE FATIMA SAMPAIO Conselho de Curadores &#8211; CONCUR (Per\u00edodo: 05\/12\/2017 a 04\/12\/2019) Titular: EVERTON CALAMUCCI Suplente: FRANCISCO LEITE Portaria 862\/REITORIA (0705298) SEI 23075.182829\/2017-08 \/ pg. 1<\/p>\n\n\n<div style=\"height:15px\" aria-hidden=\"true\" class=\"wp-block-spacer\"><\/div>\n\n\n<div class=\"wp-block-buttons is-content-justification-right is-layout-flex wp-container-core-buttons-is-layout-1 wp-block-buttons-is-layout-flex\">\n<div class=\"wp-block-button has-custom-font-size is-style-outline has-small-font-size is-style-outline--1\"><a class=\"wp-block-button__link\" href=\"https:\/\/progepe.ufpr.br\/portarias\/wp-content\/uploads\/pcp\/RT\/2017\/862R.pdf\" style=\"border-radius:0px\" target=\"_blank\" rel=\"noreferrer noopener\">Acesse o arquivo da portaria<\/a><\/div><\/div>\n","protected":false},"excerpt":{"rendered":"<p>Designar, conforme relacionado abaixo, os representantes da comunidade junto aos Conselhos Superiores, pelo per\u00edodo indicado: Conselho de Ensino, Pesquisa e Extens\u00e3o &#8211; CEPE (Per\u00edodo: 28\/09\/2017 a 27\/09\/2019) Titulares: CAROLINE ARNS ARRUDA GUILHERME BRENNER LUCCHESI Suplentes: MARIA CRISTHINA DE SOUZA ROCHA MAIRA SILVA MARQUES DA FONSECA Conselho de Planejamento e Administra\u00e7\u00e3o &#8211; COPLAD (Per\u00edodo: 27\/09\/2017 a 26\/09\/2019) Titulares: ANTONINHO CARON ILDA LOPES WITIUK Suplentes: BERNADETE ZAGONEL DARLI DE FATIMA SAMPAIO Conselho de Curadores &#8211; CONCUR (Per\u00edodo: 05\/12\/2017 a 04\/12\/2019) Titular: EVERTON CALAMUCCI Suplente: FRANCISCO LEITE Portaria 862\/REITORIA (0705298) SEI 23075.182829\/2017-08 \/ pg. 1  {&#8220;height&#8221;:&#8221;15px&#8221;} <\/p>\n<div style=\"height:15px\" aria-hidden=\"true\" class=\"wp-block-spacer\">\n","protected":false},"author":41,"featured_media":0,"comment_status":"closed","ping_status":"open","sticky":false,"template":"","format":"standard","meta":{"_acf_changed":false,"iawp_total_views":1,"footnotes":""},"categories":[117],"tags":[126],"class_list":["post-83137","post","type-post","status-publish","format-standard","hentry","category-rt","tag-representante"],"acf":[],"_links":{"self":[{"href":"https:\/\/progepe.ufpr.br\/portarias\/wp-json\/wp\/v2\/posts\/83137","targetHints":{"allow":["GET"]}}],"collection":[{"href":"https:\/\/progepe.ufpr.br\/portarias\/wp-json\/wp\/v2\/posts"}],"about":[{"href":"https:\/\/progepe.ufpr.br\/portarias\/wp-json\/wp\/v2\/types\/post"}],"author":[{"embeddable":true,"href":"https:\/\/progepe.ufpr.br\/portarias\/wp-json\/wp\/v2\/users\/41"}],"replies":[{"embeddable":true,"href":"https:\/\/progepe.ufpr.br\/portarias\/wp-json\/wp\/v2\/comments?post=83137"}],"version-history":[{"count":1,"href":"https:\/\/progepe.ufpr.br\/portarias\/wp-json\/wp\/v2\/posts\/83137\/revisions"}],"predecessor-version":[{"id":138048,"href":"https:\/\/progepe.ufpr.br\/portarias\/wp-json\/wp\/v2\/posts\/83137\/revisions\/138048"}],"wp:attachment":[{"href":"https:\/\/progepe.ufpr.br\/portarias\/wp-json\/wp\/v2\/media?parent=83137"}],"wp:term":[{"taxonomy":"category","embeddable":true,"href":"https:\/\/progepe.ufpr.br\/portarias\/wp-json\/wp\/v2\/categories?post=83137"},{"taxonomy":"post_tag","embeddable":true,"href":"https:\/\/progepe.ufpr.br\/portarias\/wp-json\/wp\/v2\/tags?post=83137"}],"curies":[{"name":"wp","href":"https:\/\/api.w.org\/{rel}","templated":true}]}}