{"id":8345,"date":"2019-10-04T10:00:00","date_gmt":"2019-10-04T13:00:00","guid":{"rendered":"http:\/\/progepe.ufpr.br\/portal\/?post_type=portarias&#038;p=8345"},"modified":"2023-08-03T12:50:12","modified_gmt":"2023-08-03T15:50:12","slug":"progepe-2019-04084","status":"publish","type":"post","link":"https:\/\/progepe.ufpr.br\/portarias\/progepe-2019-04084\/","title":{"rendered":"PORTARIA N\u00ba 04084\/PROGEPE, DE 04 DE OUTUBRO DE 2019"},"content":{"rendered":"\n<p>\n<strong>O<\/strong><strong>\nPr\u00f3-Reitor de Gest\u00e3o de Pessoas da Universidade Federal do Paran\u00e1,<\/strong>\nno uso de suas atribui\u00e7\u00f5es, tendo em vista a compet\u00eancia que lhe \u00e9\nconferida pela Portaria n\u00ba 2.590, de 26 de setembro de 1997 e\nconsiderando o contido no processo n\u00ba 23075.069189\/2019-03,<\/p>\n\n\n\n<p>\n\t\t\t\tRESOLVE:<\/p>\n\n\n\n<p> Conceder benef\u00edcio de pens\u00e3o, a partir de 18 de setembro de 2019, data do falecimento de CARMEN APARECIDA KUMMER LEITE &#8211;\u00a00339753, nos termos dos Art. 215 e 217, inciso I da Lei n\u00ba 8.112\/90, com reda\u00e7\u00e3o da Lei n\u00ba 13.135\/15, ao c\u00f4njuge\u00a0OLAVO FRANCISCO LEITE, calculado com base nos proventos percebidos pelo ex-servidor,\u00a0na categoria funcional de Assistente em Administra\u00e7\u00e3o, em regime de 40 (quarenta) horas semanais, n\u00edvel de classifica\u00e7\u00e3o D, n\u00edvel de capacita\u00e7\u00e3o IV, padr\u00e3o de vencimento 16,\u00a0na forma preceituada no\u00a0\u00a7 7\u00ba\u00a0e\u00a0\u00a7 18,\u00a0do Art. 40 da E.C. 41\/03,\u00a0c\/c\u00a0Art. 2\u00ba da Lei n\u00ba 10.887\/04.  <\/p>\n\n\n\n<p style=\"text-align:right\"><strong> Douglas Ortiz Hamermuller<\/strong><\/p>\n","protected":false},"excerpt":{"rendered":"<p>O Pr\u00f3-Reitor de Gest\u00e3o de Pessoas da Universidade Federal do Paran\u00e1, no uso de suas atribui\u00e7\u00f5es, tendo em vista a compet\u00eancia que lhe \u00e9 conferida pela Portaria n\u00ba 2.590, de 26 de setembro de 1997 e considerando o contido no processo n\u00ba 23075.069189\/2019-03, RESOLVE: Conceder benef\u00edcio de pens\u00e3o, a partir de 18 de setembro de [&hellip;]<\/p>\n","protected":false},"author":48,"featured_media":0,"comment_status":"closed","ping_status":"closed","sticky":false,"template":"","format":"standard","meta":{"_acf_changed":false,"iawp_total_views":0,"footnotes":""},"categories":[116],"tags":[145],"class_list":["post-8345","post","type-post","status-publish","format-standard","hentry","category-progepe","tag-pensao"],"acf":[],"_links":{"self":[{"href":"https:\/\/progepe.ufpr.br\/portarias\/wp-json\/wp\/v2\/posts\/8345","targetHints":{"allow":["GET"]}}],"collection":[{"href":"https:\/\/progepe.ufpr.br\/portarias\/wp-json\/wp\/v2\/posts"}],"about":[{"href":"https:\/\/progepe.ufpr.br\/portarias\/wp-json\/wp\/v2\/types\/post"}],"author":[{"embeddable":true,"href":"https:\/\/progepe.ufpr.br\/portarias\/wp-json\/wp\/v2\/users\/48"}],"replies":[{"embeddable":true,"href":"https:\/\/progepe.ufpr.br\/portarias\/wp-json\/wp\/v2\/comments?post=8345"}],"version-history":[{"count":1,"href":"https:\/\/progepe.ufpr.br\/portarias\/wp-json\/wp\/v2\/posts\/8345\/revisions"}],"predecessor-version":[{"id":190490,"href":"https:\/\/progepe.ufpr.br\/portarias\/wp-json\/wp\/v2\/posts\/8345\/revisions\/190490"}],"wp:attachment":[{"href":"https:\/\/progepe.ufpr.br\/portarias\/wp-json\/wp\/v2\/media?parent=8345"}],"wp:term":[{"taxonomy":"category","embeddable":true,"href":"https:\/\/progepe.ufpr.br\/portarias\/wp-json\/wp\/v2\/categories?post=8345"},{"taxonomy":"post_tag","embeddable":true,"href":"https:\/\/progepe.ufpr.br\/portarias\/wp-json\/wp\/v2\/tags?post=8345"}],"curies":[{"name":"wp","href":"https:\/\/api.w.org\/{rel}","templated":true}]}}