{"id":83501,"date":"2017-05-31T10:05:00","date_gmt":"2017-05-31T13:05:00","guid":{"rendered":"http:\/\/progepe.ufpr.br\/portarias\/progepe-2017-02441\/"},"modified":"2023-08-03T12:24:03","modified_gmt":"2023-08-03T15:24:03","slug":"progepe-2017-02441","status":"publish","type":"post","link":"https:\/\/progepe.ufpr.br\/portarias\/progepe-2017-02441\/","title":{"rendered":"PORTARIA N\u00ba 02441\/PROGEPE, DE 31 DE MAIO DE 2017"},"content":{"rendered":"\n<p>O  Pr\u00f3-Reitor  de  Gest\u00e3o  de  Pessoas  da Universidade  Federal  do  Paran\u00e1, no  uso  de  suas atribui\u00e7\u00f5es, tendo em vista a compet\u00eancia que lhe \u00e9 conferida pela  Portaria  n\u00ba  2.590,  de  26  de  setembro  de  1997  e considerando o que consta no processo n\u00ba 23075.165311\/2016- 11,<\/p>\n\n\n<p><strong>RESOLVE:<\/strong><\/p>\n\n\n<p>I. Conceder, conforme parecer t\u00e9cnico n\u00ba 026\/2017 &#8211; UTFPR, a partir de 16 de novembro de 2016 at\u00e9 14 de janeiro de 2017, per\u00edodo em que estava lotado no Servi\u00e7o de Seguran\u00e7a e Sa\u00fade Ocupacional \u2013 UORG 798, o adicional de insalubridade, correspondente ao grau m\u00e9dio, \u00e0 servidora MATILDE GRITENS &#8211; 344213, ocupante do cargo de Auxiliar de Enfermagem.<\/p><p> II.  Conceder o adicional  de insalubridade,  conforme parecer t\u00e9cnico n\u00ba 026\/2017 &#8211; UTFPR, correspondente ao grau m\u00e9dio, a partir 15 de janeiro de 2017, \u00e0 citada servidora, lotada no Servi\u00e7o de Seguran\u00e7a e Sa\u00fade Ocupacional \u2013 UORG 1394.<\/p><p><\/p>\n\n\n<div style=\"height:15px\" aria-hidden=\"true\" class=\"wp-block-spacer\"><\/div>\n\n\n<div class=\"wp-block-buttons is-content-justification-right is-layout-flex wp-container-core-buttons-is-layout-1 wp-block-buttons-is-layout-flex\">\n<div class=\"wp-block-button has-custom-font-size is-style-outline has-small-font-size is-style-outline--1\"><a class=\"wp-block-button__link\" href=\"https:\/\/progepe.ufpr.br\/portarias\/wp-content\/uploads\/pcp\/PROGEPE\/2017\/2441PR.pdf\" style=\"border-radius:0px\" target=\"_blank\" rel=\"noreferrer noopener\">Acesse o arquivo da portaria<\/a><\/div><\/div>\n","protected":false},"excerpt":{"rendered":"<p>I. Conceder, conforme parecer t\u00e9cnico n\u00ba 026\/2017 &#8211; UTFPR, a partir de 16 de novembro de 2016 at\u00e9 14 de janeiro de 2017, per\u00edodo em que estava lotado no Servi\u00e7o de Seguran\u00e7a e Sa\u00fade Ocupacional \u2013 UORG 798, o adicional de insalubridade, correspondente ao grau m\u00e9dio, \u00e0 servidora MATILDE GRITENS &#8211; 344213, ocupante do cargo de Auxiliar de Enfermagem. II. Conceder o adicional de insalubridade, conforme parecer t\u00e9cnico n\u00ba 026\/2017 &#8211; UTFPR, correspondente ao grau m\u00e9dio, a partir 15 de janeiro de 2017, \u00e0 citada servidora, lotada no Servi\u00e7o de Seguran\u00e7a e Sa\u00fade Ocupacional \u2013 UORG 1394.<\/p>\n","protected":false},"author":41,"featured_media":0,"comment_status":"closed","ping_status":"open","sticky":false,"template":"wp-custom-template-emissao-entre-01-05-2004-ate-30-06-2017","format":"standard","meta":{"_acf_changed":false,"iawp_total_views":0,"footnotes":""},"categories":[116],"tags":[139],"class_list":["post-83501","post","type-post","status-publish","format-standard","hentry","category-progepe","tag-adicional"],"acf":[],"_links":{"self":[{"href":"https:\/\/progepe.ufpr.br\/portarias\/wp-json\/wp\/v2\/posts\/83501","targetHints":{"allow":["GET"]}}],"collection":[{"href":"https:\/\/progepe.ufpr.br\/portarias\/wp-json\/wp\/v2\/posts"}],"about":[{"href":"https:\/\/progepe.ufpr.br\/portarias\/wp-json\/wp\/v2\/types\/post"}],"author":[{"embeddable":true,"href":"https:\/\/progepe.ufpr.br\/portarias\/wp-json\/wp\/v2\/users\/41"}],"replies":[{"embeddable":true,"href":"https:\/\/progepe.ufpr.br\/portarias\/wp-json\/wp\/v2\/comments?post=83501"}],"version-history":[{"count":1,"href":"https:\/\/progepe.ufpr.br\/portarias\/wp-json\/wp\/v2\/posts\/83501\/revisions"}],"predecessor-version":[{"id":138371,"href":"https:\/\/progepe.ufpr.br\/portarias\/wp-json\/wp\/v2\/posts\/83501\/revisions\/138371"}],"wp:attachment":[{"href":"https:\/\/progepe.ufpr.br\/portarias\/wp-json\/wp\/v2\/media?parent=83501"}],"wp:term":[{"taxonomy":"category","embeddable":true,"href":"https:\/\/progepe.ufpr.br\/portarias\/wp-json\/wp\/v2\/categories?post=83501"},{"taxonomy":"post_tag","embeddable":true,"href":"https:\/\/progepe.ufpr.br\/portarias\/wp-json\/wp\/v2\/tags?post=83501"}],"curies":[{"name":"wp","href":"https:\/\/api.w.org\/{rel}","templated":true}]}}