{"id":83585,"date":"2017-01-25T10:26:00","date_gmt":"2017-01-25T12:26:00","guid":{"rendered":"http:\/\/progepe.ufpr.br\/portarias\/progepe-2017-00308\/"},"modified":"2023-08-03T12:20:07","modified_gmt":"2023-08-03T15:20:07","slug":"progepe-2017-00308","status":"publish","type":"post","link":"https:\/\/progepe.ufpr.br\/portarias\/progepe-2017-00308\/","title":{"rendered":"PORTARIA N\u00ba 00308\/PROGEPE, DE 25 DE JANEIRO DE 2017"},"content":{"rendered":"\n<p>O  Pr\u00f3-Reitor  de  Gest\u00e3o  de  Pessoas  da Universidade  Federal  do  Paran\u00e1, no  uso  de  suas atribui\u00e7\u00f5es, tendo em vista a compet\u00eancia que lhe \u00e9 conferida pela  Portaria  n\u00ba  2.590,  de  26  de  setembro  de  1997  e considerando o que consta no processo n\u00ba 167115\/2016-81,<\/p>\n\n\n<p><strong>RESOLVE:<\/strong><\/p>\n\n\n<p>Conceder o adicional de insalubridade, conforme parecer t\u00e9cnico n\u00ba 661\/2016, correspondente ao grau m\u00e9dio, a partir 29 de novembro de 2016, \u00e0 servidora KELLY  REGINA  DIAS  DA  SILVA  SCIPIONI  \u2013  2344053,  ocupante  do  cargo  de Terapeuta  Ocupacional,  lotada  no  Departamento  de  Terapia  Ocupacional  do  Setor  de Ci\u00eancias da Sa\u00fade.<\/p><p><\/p>\n\n\n<div style=\"height:15px\" aria-hidden=\"true\" class=\"wp-block-spacer\"><\/div>\n\n\n<div class=\"wp-block-buttons is-content-justification-right is-layout-flex wp-container-core-buttons-is-layout-1 wp-block-buttons-is-layout-flex\">\n<div class=\"wp-block-button has-custom-font-size is-style-outline has-small-font-size is-style-outline--1\"><a class=\"wp-block-button__link\" href=\"https:\/\/progepe.ufpr.br\/portarias\/wp-content\/uploads\/pcp\/PROGEPE\/2017\/308PR.pdf\" style=\"border-radius:0px\" target=\"_blank\" rel=\"noreferrer noopener\">Acesse o arquivo da portaria<\/a><\/div><\/div>\n","protected":false},"excerpt":{"rendered":"<p>Conceder o adicional de insalubridade, conforme parecer t\u00e9cnico n\u00ba 661\/2016, correspondente ao grau m\u00e9dio, a partir 29 de novembro de 2016, \u00e0 servidora KELLY REGINA DIAS DA SILVA SCIPIONI \u2013 2344053, ocupante do cargo de Terapeuta Ocupacional, lotada no Departamento de Terapia Ocupacional do Setor de Ci\u00eancias da Sa\u00fade.  {&#8220;height&#8221;:&#8221;15px&#8221;} <\/p>\n<div style=\"height:15px\" aria-hidden=\"true\" class=\"wp-block-spacer\"> <!-- \/wp:spacer  {\"layout\":{\"type\":\"flex\",\"justifyContent\":\"right\"}} \n\n<div class=\"wp-block-buttons\"><!-- wp:button {\"style\":{\"border\":{\"radius\":\"0px\"}},\"className\":\"is-style-outline\",\"fontSize\":\"small\"} \n\n<div class=\"wp-block-button has-custom-font-size is-style-outline has-small-font-size\"><a class=\"wp-block-button__link\" href=\"https:\/\/progepe.ufpr.br\/portarias\/wp-content\/uploads\/pcp\/PROGEPE\/2017\/308PR.pdf\" style=\"border-radius:0px\" target=\"_blank\" rel=\"noreferrer noopener\">Acesse o arquivo da portaria<\/a><!-- \/wp:button <!-- \/wp:buttons\n<\/p>\n","protected":false},"author":41,"featured_media":0,"comment_status":"closed","ping_status":"open","sticky":false,"template":"wp-custom-template-emissao-entre-01-05-2004-ate-30-06-2017","format":"standard","meta":{"_acf_changed":false,"iawp_total_views":0,"footnotes":""},"categories":[116],"tags":[139],"class_list":["post-83585","post","type-post","status-publish","format-standard","hentry","category-progepe","tag-adicional"],"acf":[],"_links":{"self":[{"href":"https:\/\/progepe.ufpr.br\/portarias\/wp-json\/wp\/v2\/posts\/83585","targetHints":{"allow":["GET"]}}],"collection":[{"href":"https:\/\/progepe.ufpr.br\/portarias\/wp-json\/wp\/v2\/posts"}],"about":[{"href":"https:\/\/progepe.ufpr.br\/portarias\/wp-json\/wp\/v2\/types\/post"}],"author":[{"embeddable":true,"href":"https:\/\/progepe.ufpr.br\/portarias\/wp-json\/wp\/v2\/users\/41"}],"replies":[{"embeddable":true,"href":"https:\/\/progepe.ufpr.br\/portarias\/wp-json\/wp\/v2\/comments?post=83585"}],"version-history":[{"count":1,"href":"https:\/\/progepe.ufpr.br\/portarias\/wp-json\/wp\/v2\/posts\/83585\/revisions"}],"predecessor-version":[{"id":138455,"href":"https:\/\/progepe.ufpr.br\/portarias\/wp-json\/wp\/v2\/posts\/83585\/revisions\/138455"}],"wp:attachment":[{"href":"https:\/\/progepe.ufpr.br\/portarias\/wp-json\/wp\/v2\/media?parent=83585"}],"wp:term":[{"taxonomy":"category","embeddable":true,"href":"https:\/\/progepe.ufpr.br\/portarias\/wp-json\/wp\/v2\/categories?post=83585"},{"taxonomy":"post_tag","embeddable":true,"href":"https:\/\/progepe.ufpr.br\/portarias\/wp-json\/wp\/v2\/tags?post=83585"}],"curies":[{"name":"wp","href":"https:\/\/api.w.org\/{rel}","templated":true}]}}