{"id":83883,"date":"2017-05-10T10:21:00","date_gmt":"2017-05-10T13:21:00","guid":{"rendered":"http:\/\/progepe.ufpr.br\/portarias\/progepe-2017-02057\/"},"modified":"2023-08-03T12:23:21","modified_gmt":"2023-08-03T15:23:21","slug":"progepe-2017-02057","status":"publish","type":"post","link":"https:\/\/progepe.ufpr.br\/portarias\/progepe-2017-02057\/","title":{"rendered":"PORTARIA N\u00ba 02057\/PROGEPE, DE 10 DE MAIO DE 2017"},"content":{"rendered":"\n<p>O Pr\u00f3-Reitor de Gest\u00e3o de Pessoas da Universidade Federal do Paran\u00e1, no uso de suas atribui\u00e7\u00f5es, tendo em vista a compet\u00eancia que lhe \u00e9 conferida pela Portaria n\u00ba 143\/REITOR, de 06 de junho de 2006; o disposto no Art. 147 da Lei n\u00ba 8.112\/1990; e o que consta no processo n\u00ba 23075.174351\/2017-34,<\/p>\n\n\n<p><strong>RESOLVE:<\/strong><\/p>\n\n\n<p>I. Determinar o afastamento preventivo do servidor LUIZ WAGNER DOS ANJOS &#8211; 1365679, Auxiliar de Enfermagem, lotado no Servi\u00e7o de Enfermagem da Cl\u00ednica M\u00e9dica Masculina do Hospital de Cl\u00ednicas, do exerc\u00edcio do respectivo cargo p\u00fablico, pelo prazo de 60 (sessenta) dias, sem preju\u00edzo da remunera\u00e7\u00e3o, a fim de que, como acusado em Processo Administrativo Disciplinar, instaurado no bojo do processo n\u00ba 23075.174351\/2017-34, n\u00e3o venha a influir na apura\u00e7\u00e3o dos fatos.<\/p><p> II. O servidor afastado dever\u00e1 permanecer \u00e0 disposi\u00e7\u00e3o da Comiss\u00e3o de Processo Administrativo Disciplinar, no per\u00edodo acima consignado, e dever\u00e1 indicar endere\u00e7o, telefone e outros meios de contato suficientes para que possa ser encontrado.<\/p><p><\/p>\n\n\n<div style=\"height:15px\" aria-hidden=\"true\" class=\"wp-block-spacer\"><\/div>\n\n\n<div class=\"wp-block-buttons is-content-justification-right is-layout-flex wp-container-core-buttons-is-layout-1 wp-block-buttons-is-layout-flex\">\n<div class=\"wp-block-button has-custom-font-size is-style-outline has-small-font-size is-style-outline--1\"><a class=\"wp-block-button__link\" href=\"https:\/\/progepe.ufpr.br\/portarias\/wp-content\/uploads\/pcp\/PROGEPE\/2017\/2057PR.pdf\" style=\"border-radius:0px\" target=\"_blank\" rel=\"noreferrer noopener\">Acesse o arquivo da portaria<\/a><\/div><\/div>\n","protected":false},"excerpt":{"rendered":"<p>I. Determinar o afastamento preventivo do servidor LUIZ WAGNER DOS ANJOS &#8211; 1365679, Auxiliar de Enfermagem, lotado no Servi\u00e7o de Enfermagem da Cl\u00ednica M\u00e9dica Masculina do Hospital de Cl\u00ednicas, do exerc\u00edcio do respectivo cargo p\u00fablico, pelo prazo de 60 (sessenta) dias, sem preju\u00edzo da remunera\u00e7\u00e3o, a fim de que, como acusado em Processo Administrativo Disciplinar, instaurado no bojo do processo n\u00ba 23075.174351\/2017-34, n\u00e3o venha a influir na apura\u00e7\u00e3o dos fatos. II. O servidor afastado dever\u00e1 permanecer \u00e0 disposi\u00e7\u00e3o da Comiss\u00e3o de Processo Administrativo Disciplinar, no per\u00edodo acima consignado, e dever\u00e1 indicar endere\u00e7o, telefone e outros meios de contato<\/p>\n","protected":false},"author":41,"featured_media":0,"comment_status":"closed","ping_status":"open","sticky":false,"template":"wp-custom-template-emissao-entre-01-05-2004-ate-30-06-2017","format":"standard","meta":{"_acf_changed":false,"iawp_total_views":0,"footnotes":""},"categories":[116],"tags":[123],"class_list":["post-83883","post","type-post","status-publish","format-standard","hentry","category-progepe","tag-afastamento-licenca"],"acf":[],"_links":{"self":[{"href":"https:\/\/progepe.ufpr.br\/portarias\/wp-json\/wp\/v2\/posts\/83883","targetHints":{"allow":["GET"]}}],"collection":[{"href":"https:\/\/progepe.ufpr.br\/portarias\/wp-json\/wp\/v2\/posts"}],"about":[{"href":"https:\/\/progepe.ufpr.br\/portarias\/wp-json\/wp\/v2\/types\/post"}],"author":[{"embeddable":true,"href":"https:\/\/progepe.ufpr.br\/portarias\/wp-json\/wp\/v2\/users\/41"}],"replies":[{"embeddable":true,"href":"https:\/\/progepe.ufpr.br\/portarias\/wp-json\/wp\/v2\/comments?post=83883"}],"version-history":[{"count":1,"href":"https:\/\/progepe.ufpr.br\/portarias\/wp-json\/wp\/v2\/posts\/83883\/revisions"}],"predecessor-version":[{"id":138753,"href":"https:\/\/progepe.ufpr.br\/portarias\/wp-json\/wp\/v2\/posts\/83883\/revisions\/138753"}],"wp:attachment":[{"href":"https:\/\/progepe.ufpr.br\/portarias\/wp-json\/wp\/v2\/media?parent=83883"}],"wp:term":[{"taxonomy":"category","embeddable":true,"href":"https:\/\/progepe.ufpr.br\/portarias\/wp-json\/wp\/v2\/categories?post=83883"},{"taxonomy":"post_tag","embeddable":true,"href":"https:\/\/progepe.ufpr.br\/portarias\/wp-json\/wp\/v2\/tags?post=83883"}],"curies":[{"name":"wp","href":"https:\/\/api.w.org\/{rel}","templated":true}]}}