{"id":84239,"date":"2017-05-03T10:03:00","date_gmt":"2017-05-03T13:03:00","guid":{"rendered":"http:\/\/progepe.ufpr.br\/portarias\/progepe-2017-01911\/"},"modified":"2023-08-03T12:23:05","modified_gmt":"2023-08-03T15:23:05","slug":"progepe-2017-01911","status":"publish","type":"post","link":"https:\/\/progepe.ufpr.br\/portarias\/progepe-2017-01911\/","title":{"rendered":"PORTARIA N\u00ba 01911\/PROGEPE, DE 03 DE MAIO DE 2017"},"content":{"rendered":"\n<p>O Pr\u00f3-Reitor de Gest\u00e3o de Pessoas da Universidade Federal do Paran\u00e1, no uso de suas atribui\u00e7\u00f5es, tendo em vista a compet\u00eancia que lhe \u00e9 conferida pela Portaria n\u00ba 2.590, de 26 de setembro de 1997 e considerando o que consta no processo n\u00ba 23075.157787\/2017-69,<\/p>\n\n\n<p><strong>RESOLVE:<\/strong><\/p>\n\n\n<p>Conceder Aposentadoria Volunt\u00e1ria por Tempo de Contribui\u00e7\u00e3o, nos termos do Art. 3\u00ba da Emenda Constitucional n\u00ba 47, de 05\/07\/2005, \u00e0 servidora MARIA DE LURDES WELTER PEREIRA &#8211; 342092, lotada na Assessoria de Comunica\u00e7\u00e3o DO Gabinete do Reitor, ocupante do cargo de Jornalista, n\u00edvel de classifica\u00e7\u00e3o E, n\u00edvel de capacita\u00e7\u00e3o IV e padr\u00e3o de vencimento 16, no regime de trabalho de 25 (vinte e cinco) horas semanais, com o vencimento do mencionado cargo, mais a Gratifica\u00e7\u00e3o Adicional por Tempo de Servi\u00e7o, prevista no Art. 67 da Lei n\u00b0 8.112\/90, no \u00edndice de 15 (quinze por cento), calculada sobre o vencimento b\u00e1sico, mais o Incentivo \u00e0 Qualifica\u00e7\u00e3o, Decreto n\u00b0 5.824\/06 e o Vencimento B\u00e1sico Complementar, art. 15, da Lei n\u00b0 11.091\/05, mais a Vantagem Pessoal, art. 5\u00b0, do Decreto n\u00b0 95.689\/88, mantida conforme Senten\u00e7a Judicial &#8211; A\u00e7\u00e3o Ordin\u00e1ria n\u00b0 2006.70.00.017871-1, da 7\u00aa Vara Federal do Paran\u00e1.<\/p><p><\/p>\n\n\n<div style=\"height:15px\" aria-hidden=\"true\" class=\"wp-block-spacer\"><\/div>\n\n\n<div class=\"wp-block-buttons is-content-justification-right is-layout-flex wp-container-core-buttons-is-layout-1 wp-block-buttons-is-layout-flex\">\n<div class=\"wp-block-button has-custom-font-size is-style-outline has-small-font-size is-style-outline--1\"><a class=\"wp-block-button__link\" href=\"https:\/\/progepe.ufpr.br\/portarias\/wp-content\/uploads\/pcp\/PROGEPE\/2017\/1911PR.pdf\" style=\"border-radius:0px\" target=\"_blank\" rel=\"noreferrer noopener\">Acesse o arquivo da portaria<\/a><\/div><\/div>\n","protected":false},"excerpt":{"rendered":"<p>Conceder Aposentadoria Volunt\u00e1ria por Tempo de Contribui\u00e7\u00e3o, nos termos do Art. 3\u00ba da Emenda Constitucional n\u00ba 47, de 05\/07\/2005, \u00e0 servidora MARIA DE LURDES WELTER PEREIRA &#8211; 342092, lotada na Assessoria de Comunica\u00e7\u00e3o DO Gabinete do Reitor, ocupante do cargo de Jornalista, n\u00edvel de classifica\u00e7\u00e3o E, n\u00edvel de capacita\u00e7\u00e3o IV e padr\u00e3o de vencimento 16, no regime de trabalho de 25 (vinte e cinco) horas semanais, com o vencimento do mencionado cargo, mais a Gratifica\u00e7\u00e3o Adicional por Tempo de Servi\u00e7o, prevista no Art. 67 da Lei n\u00b0 8.112\/90, no \u00edndice de 15 (quinze por cento), calculada sobre o<\/p>\n","protected":false},"author":41,"featured_media":0,"comment_status":"closed","ping_status":"open","sticky":false,"template":"","format":"standard","meta":{"_acf_changed":false,"iawp_total_views":0,"footnotes":""},"categories":[116],"tags":[125],"class_list":["post-84239","post","type-post","status-publish","format-standard","hentry","category-progepe","tag-aposentadoria"],"acf":[],"_links":{"self":[{"href":"https:\/\/progepe.ufpr.br\/portarias\/wp-json\/wp\/v2\/posts\/84239","targetHints":{"allow":["GET"]}}],"collection":[{"href":"https:\/\/progepe.ufpr.br\/portarias\/wp-json\/wp\/v2\/posts"}],"about":[{"href":"https:\/\/progepe.ufpr.br\/portarias\/wp-json\/wp\/v2\/types\/post"}],"author":[{"embeddable":true,"href":"https:\/\/progepe.ufpr.br\/portarias\/wp-json\/wp\/v2\/users\/41"}],"replies":[{"embeddable":true,"href":"https:\/\/progepe.ufpr.br\/portarias\/wp-json\/wp\/v2\/comments?post=84239"}],"version-history":[{"count":1,"href":"https:\/\/progepe.ufpr.br\/portarias\/wp-json\/wp\/v2\/posts\/84239\/revisions"}],"predecessor-version":[{"id":139109,"href":"https:\/\/progepe.ufpr.br\/portarias\/wp-json\/wp\/v2\/posts\/84239\/revisions\/139109"}],"wp:attachment":[{"href":"https:\/\/progepe.ufpr.br\/portarias\/wp-json\/wp\/v2\/media?parent=84239"}],"wp:term":[{"taxonomy":"category","embeddable":true,"href":"https:\/\/progepe.ufpr.br\/portarias\/wp-json\/wp\/v2\/categories?post=84239"},{"taxonomy":"post_tag","embeddable":true,"href":"https:\/\/progepe.ufpr.br\/portarias\/wp-json\/wp\/v2\/tags?post=84239"}],"curies":[{"name":"wp","href":"https:\/\/api.w.org\/{rel}","templated":true}]}}