{"id":84253,"date":"2017-05-09T10:09:00","date_gmt":"2017-05-09T13:09:00","guid":{"rendered":"http:\/\/progepe.ufpr.br\/portarias\/progepe-2017-02021\/"},"modified":"2023-08-03T12:23:17","modified_gmt":"2023-08-03T15:23:17","slug":"progepe-2017-02021","status":"publish","type":"post","link":"https:\/\/progepe.ufpr.br\/portarias\/progepe-2017-02021\/","title":{"rendered":"PORTARIA N\u00ba 02021\/PROGEPE, DE 09 DE MAIO DE 2017"},"content":{"rendered":"\n<p>O  Pr\u00f3-Reitor  de  Gest\u00e3o  de  Pessoas  da Universidade  Federal  do  Paran\u00e1,  no  uso  de  suas atribui\u00e7\u00f5es, tendo em vista a compet\u00eancia que lhe \u00e9 conferida pela  Portaria  n\u00ba  2.590,  de  26  de  setembro  de  1997  e considerando o que consta no processo n\u00ba 23075.172175\/2017- 04,<\/p>\n\n\n<p><strong>RESOLVE:<\/strong><\/p>\n\n\n<p>Conceder aposentadoria volunt\u00e1ria por tempo de contribui\u00e7\u00e3o, nos termos do artigo 3\u00ba da Emenda Constitucional n.\u00ba 47\/2005, \u00e0 servidora ANGELA TEREZINHA  COSTA &#8211;  1170311,  lotada  no  Servi\u00e7o  Enfermagem  Ambulatorial  do Hospital  de  Cl\u00ednicas,  ocupante  do  cargo  de  T\u00e9cnica  em Enfermagem, n\u00edvel  de classifica\u00e7\u00e3o  D,  n\u00edvel  de  capacita\u00e7\u00e3o  II  e  padr\u00e3o  de  vencimento  13,  no  regime  de trabalho de  40 (quarenta)  horas semanais,  com o vencimento b\u00e1sico do mencionado cargo, mais o adicional por tempo de servi\u00e7o, previsto no artigo 67 da Lei n.\u00b0 8.112\/90, no \u00edndice de 4 (quatro por cento), calculado sobre o vencimento b\u00e1sico e o Incentivo \u00e0 Qualifica\u00e7\u00e3o Decreto n\u00ba 5.824\/06.<\/p><p><\/p>\n\n\n<div style=\"height:15px\" aria-hidden=\"true\" class=\"wp-block-spacer\"><\/div>\n\n\n<div class=\"wp-block-buttons is-content-justification-right is-layout-flex wp-container-core-buttons-is-layout-1 wp-block-buttons-is-layout-flex\">\n<div class=\"wp-block-button has-custom-font-size is-style-outline has-small-font-size is-style-outline--1\"><a class=\"wp-block-button__link\" href=\"https:\/\/progepe.ufpr.br\/portarias\/wp-content\/uploads\/pcp\/PROGEPE\/2017\/2021PR.pdf\" style=\"border-radius:0px\" target=\"_blank\" rel=\"noreferrer noopener\">Acesse o arquivo da portaria<\/a><\/div><\/div>\n","protected":false},"excerpt":{"rendered":"<p>Conceder aposentadoria volunt\u00e1ria por tempo de contribui\u00e7\u00e3o, nos termos do artigo 3\u00ba da Emenda Constitucional n.\u00ba 47\/2005, \u00e0 servidora ANGELA TEREZINHA COSTA &#8211; 1170311, lotada no Servi\u00e7o Enfermagem Ambulatorial do Hospital de Cl\u00ednicas, ocupante do cargo de T\u00e9cnica em Enfermagem, n\u00edvel de classifica\u00e7\u00e3o D, n\u00edvel de capacita\u00e7\u00e3o II e padr\u00e3o de vencimento 13, no regime de trabalho de 40 (quarenta) horas semanais, com o vencimento b\u00e1sico do mencionado cargo, mais o adicional por tempo de servi\u00e7o, previsto no artigo 67 da Lei n.\u00b0 8.112\/90, no \u00edndice de 4 (quatro por cento), calculado sobre o vencimento b\u00e1sico e o<\/p>\n","protected":false},"author":41,"featured_media":0,"comment_status":"closed","ping_status":"open","sticky":false,"template":"wp-custom-template-emissao-entre-01-05-2004-ate-30-06-2017","format":"standard","meta":{"_acf_changed":false,"iawp_total_views":0,"footnotes":""},"categories":[116],"tags":[125],"class_list":["post-84253","post","type-post","status-publish","format-standard","hentry","category-progepe","tag-aposentadoria"],"acf":[],"_links":{"self":[{"href":"https:\/\/progepe.ufpr.br\/portarias\/wp-json\/wp\/v2\/posts\/84253","targetHints":{"allow":["GET"]}}],"collection":[{"href":"https:\/\/progepe.ufpr.br\/portarias\/wp-json\/wp\/v2\/posts"}],"about":[{"href":"https:\/\/progepe.ufpr.br\/portarias\/wp-json\/wp\/v2\/types\/post"}],"author":[{"embeddable":true,"href":"https:\/\/progepe.ufpr.br\/portarias\/wp-json\/wp\/v2\/users\/41"}],"replies":[{"embeddable":true,"href":"https:\/\/progepe.ufpr.br\/portarias\/wp-json\/wp\/v2\/comments?post=84253"}],"version-history":[{"count":1,"href":"https:\/\/progepe.ufpr.br\/portarias\/wp-json\/wp\/v2\/posts\/84253\/revisions"}],"predecessor-version":[{"id":139123,"href":"https:\/\/progepe.ufpr.br\/portarias\/wp-json\/wp\/v2\/posts\/84253\/revisions\/139123"}],"wp:attachment":[{"href":"https:\/\/progepe.ufpr.br\/portarias\/wp-json\/wp\/v2\/media?parent=84253"}],"wp:term":[{"taxonomy":"category","embeddable":true,"href":"https:\/\/progepe.ufpr.br\/portarias\/wp-json\/wp\/v2\/categories?post=84253"},{"taxonomy":"post_tag","embeddable":true,"href":"https:\/\/progepe.ufpr.br\/portarias\/wp-json\/wp\/v2\/tags?post=84253"}],"curies":[{"name":"wp","href":"https:\/\/api.w.org\/{rel}","templated":true}]}}