{"id":84449,"date":"2017-01-04T10:10:00","date_gmt":"2017-01-04T12:10:00","guid":{"rendered":"http:\/\/progepe.ufpr.br\/portarias\/progepe-2017-00048\/"},"modified":"2023-08-03T12:19:38","modified_gmt":"2023-08-03T15:19:38","slug":"progepe-2017-00048","status":"publish","type":"post","link":"https:\/\/progepe.ufpr.br\/portarias\/progepe-2017-00048\/","title":{"rendered":"PORTARIA N\u00ba 00048\/PROGEPE, DE 04 DE JANEIRO DE 2017"},"content":{"rendered":"\n<p>O Pr\u00f3-Reitor de Gest\u00e3o de Pessoas da Universidade Federal do Paran\u00e1, no uso de suas atribui\u00e7\u00f5es, tendo em vista a compet\u00eancia que lhe \u00e9 conferida pela Portaria n\u00ba 2.590, de 26 de setembro de 1997 e considerando o que consta no processo n\u00ba 167964\/2016-34,<\/p>\n\n\n<p><strong>RESOLVE:<\/strong><\/p>\n\n\n<p>Conceder aposentadoria volunt\u00e1ria por tempo de contribui\u00e7\u00e3o, nos termos do Art. 3\u00ba da Emenda Constitucional n\u00ba 47\/2005, ao servidor ZAKI AKEL SOBRINHO &#8211; 089281, lotado no Departamento de Administra\u00e7\u00e3o Geral e Aplicada do Setor de Ci\u00eancias Sociais Aplicadas, ocupante do cargo de Professor, classe 8, n\u00edvel 801, com Doutorado, no regime de 40 (quarenta) horas semanais, com dedica\u00e7\u00e3o exclusiva, com o vencimento do mencionado cargo, mais a gratifica\u00e7\u00e3o adicional por tempo de servi\u00e7o, prevista no Art. 67 da Lei n\u00ba 8.112\/90, no \u00edndice de 15 (quinze por cento), calculada sobre o vencimento b\u00e1sico, mais a retribui\u00e7\u00e3o por titula\u00e7\u00e3o, institu\u00edda pela Lei n\u00ba 12.772\/2012, e, a vantagem pessoal do Art. 62 da Lei n\u00ba 8.112\/90, origin\u00e1ria da incorpora\u00e7\u00e3o nos termos do Art. 3\u00ba a 11\u00ba da Lei n\u00ba 8.911\/94, Lei n\u00ba 9.527\/97 e Lei n\u00ba 9.624\/98, correspondente \u00e0s fra\u00e7\u00f5es de d\u00e9cimos, equivalentes a 2\/10 (dois d\u00e9cimos) da fun\u00e7\u00e3o gratificada c\u00f3digo FG-01, mais 4\/10 (quatro d\u00e9cimos) do cargo de dire\u00e7\u00e3o, c\u00f3digo CD-03, mais 4\/10 (quatro d\u00e9cimos) da fun\u00e7\u00e3o comissionada, c\u00f3digo FC-04, mantidas por for\u00e7a de liminar, deferida nos Autos de M. S. n\u00ba 2000.00.70.00.1992-8, impetrada por for\u00e7a do CG n\u00ba 203\/2000-AGU, transitado em julgado em 10 de maio de 2002.<\/p><p> Publicado no Di\u00e1rio Oficial  da Uni\u00e3o n. 005 De 06.01.2017, Se\u00e7\u00e3o 2, p\u00e1g. 22<\/p>\n\n\n<div style=\"height:15px\" aria-hidden=\"true\" class=\"wp-block-spacer\"><\/div>\n\n\n<div class=\"wp-block-buttons is-content-justification-right is-layout-flex wp-container-core-buttons-is-layout-1 wp-block-buttons-is-layout-flex\">\n<div class=\"wp-block-button has-custom-font-size is-style-outline has-small-font-size is-style-outline--1\"><a class=\"wp-block-button__link\" href=\"https:\/\/progepe.ufpr.br\/portarias\/wp-content\/uploads\/pcp\/PROGEPE\/2017\/48PR.pdf\" style=\"border-radius:0px\" target=\"_blank\" rel=\"noreferrer noopener\">Acesse o arquivo da portaria<\/a><\/div><\/div>\n","protected":false},"excerpt":{"rendered":"<p>Conceder aposentadoria volunt\u00e1ria por tempo de contribui\u00e7\u00e3o, nos termos do Art. 3\u00ba da Emenda Constitucional n\u00ba 47\/2005, ao servidor ZAKI AKEL SOBRINHO &#8211; 089281, lotado no Departamento de Administra\u00e7\u00e3o Geral e Aplicada do Setor de Ci\u00eancias Sociais Aplicadas, ocupante do cargo de Professor, classe 8, n\u00edvel 801, com Doutorado, no regime de 40 (quarenta) horas semanais, com dedica\u00e7\u00e3o exclusiva, com o vencimento do mencionado cargo, mais a gratifica\u00e7\u00e3o adicional por tempo de servi\u00e7o, prevista no Art. 67 da Lei n\u00ba 8.112\/90, no \u00edndice de 15 (quinze por cento), calculada sobre o vencimento b\u00e1sico, mais a retribui\u00e7\u00e3o por titula\u00e7\u00e3o,<\/p>\n","protected":false},"author":41,"featured_media":0,"comment_status":"closed","ping_status":"open","sticky":false,"template":"wp-custom-template-emissao-entre-01-05-2004-ate-30-06-2017","format":"standard","meta":{"_acf_changed":false,"iawp_total_views":0,"footnotes":""},"categories":[116],"tags":[125],"class_list":["post-84449","post","type-post","status-publish","format-standard","hentry","category-progepe","tag-aposentadoria"],"acf":[],"_links":{"self":[{"href":"https:\/\/progepe.ufpr.br\/portarias\/wp-json\/wp\/v2\/posts\/84449","targetHints":{"allow":["GET"]}}],"collection":[{"href":"https:\/\/progepe.ufpr.br\/portarias\/wp-json\/wp\/v2\/posts"}],"about":[{"href":"https:\/\/progepe.ufpr.br\/portarias\/wp-json\/wp\/v2\/types\/post"}],"author":[{"embeddable":true,"href":"https:\/\/progepe.ufpr.br\/portarias\/wp-json\/wp\/v2\/users\/41"}],"replies":[{"embeddable":true,"href":"https:\/\/progepe.ufpr.br\/portarias\/wp-json\/wp\/v2\/comments?post=84449"}],"version-history":[{"count":1,"href":"https:\/\/progepe.ufpr.br\/portarias\/wp-json\/wp\/v2\/posts\/84449\/revisions"}],"predecessor-version":[{"id":139319,"href":"https:\/\/progepe.ufpr.br\/portarias\/wp-json\/wp\/v2\/posts\/84449\/revisions\/139319"}],"wp:attachment":[{"href":"https:\/\/progepe.ufpr.br\/portarias\/wp-json\/wp\/v2\/media?parent=84449"}],"wp:term":[{"taxonomy":"category","embeddable":true,"href":"https:\/\/progepe.ufpr.br\/portarias\/wp-json\/wp\/v2\/categories?post=84449"},{"taxonomy":"post_tag","embeddable":true,"href":"https:\/\/progepe.ufpr.br\/portarias\/wp-json\/wp\/v2\/tags?post=84449"}],"curies":[{"name":"wp","href":"https:\/\/api.w.org\/{rel}","templated":true}]}}