{"id":84559,"date":"2017-05-04T10:14:00","date_gmt":"2017-05-04T13:14:00","guid":{"rendered":"http:\/\/progepe.ufpr.br\/portarias\/progepe-2017-01962\/"},"modified":"2023-08-03T12:23:10","modified_gmt":"2023-08-03T15:23:10","slug":"progepe-2017-01962","status":"publish","type":"post","link":"https:\/\/progepe.ufpr.br\/portarias\/progepe-2017-01962\/","title":{"rendered":"PORTARIA N\u00ba 01962\/PROGEPE, DE 04 DE MAIO DE 2017"},"content":{"rendered":"\n<p>O  Pr\u00f3-Reitor  de  Gest\u00e3o  de  Pessoas  da  Universidade Federal do Paran\u00e1, no uso de suas atribui\u00e7\u00f5es, tendo em vista a compet\u00eancia que lhe \u00e9 conferida pela Portaria n\u00ba 2.590, de 26 de setembro de 1997; o que consta no Art. 100 e 103 da Lei n\u00ba 8.112\/90 e ainda o contido no processo n\u00ba 23075.173606\/2017- 41,<\/p>\n\n\n<p><strong>RESOLVE:<\/strong><\/p>\n\n\n<p>Desaverbar  o tempo de servi\u00e7o  abaixo listado,  averbado  do servidor ADEMIR LOVATO \u2013 1212514, ocupante do cargo de Auxiliar de Enfermagem, lotado no Servi\u00e7o Enfermagem Ambulatorial do Hospital de Cl\u00ednicas, para fins de: Aposentadoria e disponibilidade: EMPRESA PER\u00cdODO TOTAL DE DIAS Irmandade da Santa Casa de Miseric\u00f3rdia de 02.01.1989 a 04.04.1991 823 Curitiba Funda\u00e7\u00e3o da Universidade Federal  do Paran\u00e1 05.04.1991 a 30.12.1992 636 para o Desen.<\/p><p> Funda\u00e7\u00e3o da Universidade Federal  do Paran\u00e1 31.12.1992 a 01.01.1994 367 para o Desen.<\/p><p><\/p>\n\n\n<div style=\"height:15px\" aria-hidden=\"true\" class=\"wp-block-spacer\"><\/div>\n\n\n<div class=\"wp-block-buttons is-content-justification-right is-layout-flex wp-container-core-buttons-is-layout-1 wp-block-buttons-is-layout-flex\">\n<div class=\"wp-block-button has-custom-font-size is-style-outline has-small-font-size is-style-outline--1\"><a class=\"wp-block-button__link\" href=\"https:\/\/progepe.ufpr.br\/portarias\/wp-content\/uploads\/pcp\/PROGEPE\/2017\/1962PR.pdf\" style=\"border-radius:0px\" target=\"_blank\" rel=\"noreferrer noopener\">Acesse o arquivo da portaria<\/a><\/div><\/div>\n","protected":false},"excerpt":{"rendered":"<p>Desaverbar o tempo de servi\u00e7o abaixo listado, averbado do servidor ADEMIR LOVATO \u2013 1212514, ocupante do cargo de Auxiliar de Enfermagem, lotado no Servi\u00e7o Enfermagem Ambulatorial do Hospital de Cl\u00ednicas, para fins de: Aposentadoria e disponibilidade: EMPRESA PER\u00cdODO TOTAL DE DIAS Irmandade da Santa Casa de Miseric\u00f3rdia de 02.01.1989 a 04.04.1991 823 Curitiba Funda\u00e7\u00e3o da Universidade Federal do Paran\u00e1 05.04.1991 a 30.12.1992 636 para o Desen. Funda\u00e7\u00e3o da Universidade Federal do Paran\u00e1 31.12.1992 a 01.01.1994 367 para o Desen.  {&#8220;height&#8221;:&#8221;15px&#8221;} <\/p>\n<div style=\"height:15px\" aria-hidden=\"true\" class=\"wp-block-spacer\"> <!-- \/wp:spacer  {\"layout\":{\"type\":\"flex\",\"justifyContent\":\"right\"}} \n\n<div class=\"wp-block-buttons\"><!-- wp:button {\"style\":{\"border\":{\"radius\":\"0px\"}},\"className\":\"is-style-outline\",\"fontSize\":\"small\"} \n\n<div class=\"wp-block-button has-custom-font-size is-style-outline has-small-font-size\"><a\n<\/p>\n","protected":false},"author":41,"featured_media":0,"comment_status":"closed","ping_status":"open","sticky":false,"template":"wp-custom-template-emissao-entre-01-05-2004-ate-30-06-2017","format":"standard","meta":{"_acf_changed":false,"iawp_total_views":0,"footnotes":""},"categories":[116],"tags":[140],"class_list":["post-84559","post","type-post","status-publish","format-standard","hentry","category-progepe","tag-averbacao-desaverbacao"],"acf":[],"_links":{"self":[{"href":"https:\/\/progepe.ufpr.br\/portarias\/wp-json\/wp\/v2\/posts\/84559","targetHints":{"allow":["GET"]}}],"collection":[{"href":"https:\/\/progepe.ufpr.br\/portarias\/wp-json\/wp\/v2\/posts"}],"about":[{"href":"https:\/\/progepe.ufpr.br\/portarias\/wp-json\/wp\/v2\/types\/post"}],"author":[{"embeddable":true,"href":"https:\/\/progepe.ufpr.br\/portarias\/wp-json\/wp\/v2\/users\/41"}],"replies":[{"embeddable":true,"href":"https:\/\/progepe.ufpr.br\/portarias\/wp-json\/wp\/v2\/comments?post=84559"}],"version-history":[{"count":1,"href":"https:\/\/progepe.ufpr.br\/portarias\/wp-json\/wp\/v2\/posts\/84559\/revisions"}],"predecessor-version":[{"id":139429,"href":"https:\/\/progepe.ufpr.br\/portarias\/wp-json\/wp\/v2\/posts\/84559\/revisions\/139429"}],"wp:attachment":[{"href":"https:\/\/progepe.ufpr.br\/portarias\/wp-json\/wp\/v2\/media?parent=84559"}],"wp:term":[{"taxonomy":"category","embeddable":true,"href":"https:\/\/progepe.ufpr.br\/portarias\/wp-json\/wp\/v2\/categories?post=84559"},{"taxonomy":"post_tag","embeddable":true,"href":"https:\/\/progepe.ufpr.br\/portarias\/wp-json\/wp\/v2\/tags?post=84559"}],"curies":[{"name":"wp","href":"https:\/\/api.w.org\/{rel}","templated":true}]}}