{"id":84564,"date":"2017-05-15T10:12:00","date_gmt":"2017-05-15T13:12:00","guid":{"rendered":"http:\/\/progepe.ufpr.br\/portarias\/progepe-2017-02138\/"},"modified":"2023-08-03T12:23:30","modified_gmt":"2023-08-03T15:23:30","slug":"progepe-2017-02138","status":"publish","type":"post","link":"https:\/\/progepe.ufpr.br\/portarias\/progepe-2017-02138\/","title":{"rendered":"PORTARIA N\u00ba 02138\/PROGEPE, DE 15 DE MAIO DE 2017"},"content":{"rendered":"\n<p>O Pr\u00f3-Reitor de Gest\u00e3o de Pessoas da Universidade Federal do Paran\u00e1, no uso de suas atribui\u00e7\u00f5es, tendo em vista a compet\u00eancia que lhe \u00e9 conferida pela Portaria n\u00ba 2.590, de 26 de setembro de 1997; o que consta no Art. 100 e 103 da Lei n\u00ba 8.112\/90 e ainda o contido no processo n\u00ba 23075.169470\/2017-75,<\/p>\n\n\n<p><strong>RESOLVE:<\/strong><\/p>\n\n\n<p>Averbar, a partir de 20 de abril de 2017, em favor da servidora ELISABETE FERREIRA &#8211; 2035967, ocupante do cargo de Analista de Tecnologia da Informa\u00e7\u00e3o , lotada no N\u00facleo de Automa\u00e7\u00e3o Document\u00e1ria do Sistema de Bibliotecas, o tempo de servi\u00e7o abaixo listado, para fins de: Aposentadoria e disponibilidade: EMPRESA PER\u00cdODO TOTAL DE DIAS JOSE DE PAULO ALMEIDA INDUSTRIAL DE 15\/05\/85 A FOGOS 12\/03\/86 302 HENDRIKA WILHELMINA SNOEIJER,CIA LTDA-ME 01\/04\/88 A 15\/11\/88 229 MUNICIPIO DE ANTONINA 01\/06\/89 A 04\/07\/89 34 LUVIZOTTO MOVEIS E PAPELARIA LTDA-ME 01\/08\/89 A 01\/09\/89 32 DISAPEL ELETREDOMESTICOS LTDA 02\/09\/89 A 03\/03\/90 183 PROTISA INDUSTRIA DE PRODUTOS 06\/03\/90 A ALIMENTICIOS SA 06\/01\/92 672 DEB TRABALHO TEMPORARIO LTDA 28\/01\/92 A 27\/04\/92 91 EMBEL-EMPRESA BRAS ESPEC NO COM DE 04\/05\/92 A ELETROD LTDA 22\/08\/95 1206 DISAPEL ELETREDOMESTICOS LTDA 06\/11\/95 A 03\/02\/96 90 OPERATIVA TREINAMENTO E SERVI\u00c7OS 26\/02\/96 A TEMPORARIOS 25\/05\/96 90 PRISMA TRABALHO TEMPORARIO LTDA -ME 25\/06\/96 A 22\/09\/96 90 TOSHIBA SISTEMAS DE TRANSMISSAO E 28\/10\/96 A DISTRIBUI\u00c7\u00c3O DO BRASI 12\/06\/97 228 SMA-EMPREENDIMENTOS E PARTICIPA\u00c7OES 01\/04\/98 A S.A.  17\/02\/05 2515 TELEPERFOMANCE CRM S.A. 14\/09\/05 A 21\/02\/06 161 PERFIPAR S\/A MANUFATURADOS DE ACO 22\/02\/06 A 19\/10\/06 240 FUNDA\u00c7\u00c3O DE ESTUDOS DAS DOEN\u00c7AS DO 20\/10\/06 A FIGADO -KOUTOULAS 08\/07\/09 993 ONIX CENTRO MEDICO LTDA 16\/09\/09 A 07\/05\/10 234 AUT\u00d4NOMO 01\/05\/11 A 31\/05\/11 31 12\/08\/11 A 673 BRASIL TELECOM CALL CENTER S\/A 12\/08\/11 A 14\/06\/13 673<\/p>\n\n\n<div style=\"height:15px\" aria-hidden=\"true\" class=\"wp-block-spacer\"><\/div>\n\n\n<div class=\"wp-block-buttons is-content-justification-right is-layout-flex wp-container-core-buttons-is-layout-1 wp-block-buttons-is-layout-flex\">\n<div class=\"wp-block-button has-custom-font-size is-style-outline has-small-font-size is-style-outline--1\"><a class=\"wp-block-button__link\" href=\"https:\/\/progepe.ufpr.br\/portarias\/wp-content\/uploads\/pcp\/PROGEPE\/2017\/2138PR.pdf\" style=\"border-radius:0px\" target=\"_blank\" rel=\"noreferrer noopener\">Acesse o arquivo da portaria<\/a><\/div><\/div>\n","protected":false},"excerpt":{"rendered":"<p>Averbar, a partir de 20 de abril de 2017, em favor da servidora ELISABETE FERREIRA &#8211; 2035967, ocupante do cargo de Analista de Tecnologia da Informa\u00e7\u00e3o , lotada no N\u00facleo de Automa\u00e7\u00e3o Document\u00e1ria do Sistema de Bibliotecas, o tempo de servi\u00e7o abaixo listado, para fins de: Aposentadoria e disponibilidade: EMPRESA PER\u00cdODO TOTAL DE DIAS JOSE DE PAULO ALMEIDA INDUSTRIAL DE 15\/05\/85 A FOGOS 12\/03\/86 302 HENDRIKA WILHELMINA SNOEIJER,CIA LTDA-ME 01\/04\/88 A 15\/11\/88 229 MUNICIPIO DE ANTONINA 01\/06\/89 A 04\/07\/89 34 LUVIZOTTO MOVEIS E PAPELARIA LTDA-ME 01\/08\/89 A 01\/09\/89 32 DISAPEL ELETREDOMESTICOS LTDA 02\/09\/89 A 03\/03\/90 183 PROTISA INDUSTRIA<\/p>\n","protected":false},"author":41,"featured_media":0,"comment_status":"closed","ping_status":"open","sticky":false,"template":"","format":"standard","meta":{"_acf_changed":false,"iawp_total_views":0,"footnotes":""},"categories":[116],"tags":[140],"class_list":["post-84564","post","type-post","status-publish","format-standard","hentry","category-progepe","tag-averbacao-desaverbacao"],"acf":[],"_links":{"self":[{"href":"https:\/\/progepe.ufpr.br\/portarias\/wp-json\/wp\/v2\/posts\/84564","targetHints":{"allow":["GET"]}}],"collection":[{"href":"https:\/\/progepe.ufpr.br\/portarias\/wp-json\/wp\/v2\/posts"}],"about":[{"href":"https:\/\/progepe.ufpr.br\/portarias\/wp-json\/wp\/v2\/types\/post"}],"author":[{"embeddable":true,"href":"https:\/\/progepe.ufpr.br\/portarias\/wp-json\/wp\/v2\/users\/41"}],"replies":[{"embeddable":true,"href":"https:\/\/progepe.ufpr.br\/portarias\/wp-json\/wp\/v2\/comments?post=84564"}],"version-history":[{"count":1,"href":"https:\/\/progepe.ufpr.br\/portarias\/wp-json\/wp\/v2\/posts\/84564\/revisions"}],"predecessor-version":[{"id":139434,"href":"https:\/\/progepe.ufpr.br\/portarias\/wp-json\/wp\/v2\/posts\/84564\/revisions\/139434"}],"wp:attachment":[{"href":"https:\/\/progepe.ufpr.br\/portarias\/wp-json\/wp\/v2\/media?parent=84564"}],"wp:term":[{"taxonomy":"category","embeddable":true,"href":"https:\/\/progepe.ufpr.br\/portarias\/wp-json\/wp\/v2\/categories?post=84564"},{"taxonomy":"post_tag","embeddable":true,"href":"https:\/\/progepe.ufpr.br\/portarias\/wp-json\/wp\/v2\/tags?post=84564"}],"curies":[{"name":"wp","href":"https:\/\/api.w.org\/{rel}","templated":true}]}}