{"id":84569,"date":"2017-05-16T10:27:00","date_gmt":"2017-05-16T13:27:00","guid":{"rendered":"http:\/\/progepe.ufpr.br\/portarias\/progepe-2017-02175\/"},"modified":"2023-08-03T12:23:34","modified_gmt":"2023-08-03T15:23:34","slug":"progepe-2017-02175","status":"publish","type":"post","link":"https:\/\/progepe.ufpr.br\/portarias\/progepe-2017-02175\/","title":{"rendered":"PORTARIA N\u00ba 02175\/PROGEPE, DE 16 DE MAIO DE 2017"},"content":{"rendered":"\n<p>A  Pr\u00f3-Reitora  de  Gest\u00e3o  de  Pessoas  da  Universidade Federal do Paran\u00e1, em exerc\u00edcio, no uso de suas atribui\u00e7\u00f5es, tendo  em  vista  a  compet\u00eancia  que  lhe  \u00e9  conferida  pela Portaria n\u00ba 2.590, de 26 de setembro de 1997; o que consta no Art. 100 e 103 da Lei n\u00ba 8.112\/90 e ainda o contido no processo n\u00ba 23075.174250\/2017-63,<\/p>\n\n\n<p><strong>RESOLVE:<\/strong><\/p>\n\n\n<p>Averbar, a partir de 08 de maio de 2017, em favor da servidora LUISA FANES &#8211; 1202669,  ocupante do cargo de Enfermeira \u00c1rea, lotada no Servi\u00e7o Integrado a Sa\u00fade do Hospital de Cl\u00ednicas, o tempo de servi\u00e7o abaixo listado, para fins de: Aposentadoria e disponibilidade: EMPRESA PER\u00cdODO TOTAL DE DIAS Irmandade  da Santa  Casa de Miseric\u00f3rdia  de 21.08.1979 a 16.03.1980 209 S\u00e3o Paulo Unicor Unidade de Cardiologia S\/A 01.10.1980 a 31.10.1980 31 S\u00e3o Luiz Operadora Hospitalar S\/A 20.11.1980 a 01.07.1981 224 Hospital S\u00e3o Jorge S\/A 27.07.1981 a 30.07.1982 369 Col\u00e9gio T\u00e9cnico Santa Maria Goretti Ltda. 01.11.1982 a 21.10.1983 355 Blue  Life  Associa\u00e7\u00e3o  de  Assist\u00eancia  M\u00e9dico 22.10.1983 a 01.11.1983 11 Hospitalar Assist\u00eancia M\u00e9dica S\u00e3o Paulo S\/A 02.01.1984 a 01.02.1985 397 Instituto Ludwig de Pesquisa Sobre o C\u00e2ncer 01.07.1986 a 30.01.1989 945 Funda\u00e7\u00e3o da Universidade Federal  do Paran\u00e1 08.06.1993 a 26.06.1996 1115 para o Dese.<\/p><p><\/p>\n\n\n<div style=\"height:15px\" aria-hidden=\"true\" class=\"wp-block-spacer\"><\/div>\n\n\n<div class=\"wp-block-buttons is-content-justification-right is-layout-flex wp-container-core-buttons-is-layout-1 wp-block-buttons-is-layout-flex\">\n<div class=\"wp-block-button has-custom-font-size is-style-outline has-small-font-size is-style-outline--1\"><a class=\"wp-block-button__link\" href=\"https:\/\/progepe.ufpr.br\/portarias\/wp-content\/uploads\/pcp\/PROGEPE\/2017\/2175PR.pdf\" style=\"border-radius:0px\" target=\"_blank\" rel=\"noreferrer noopener\">Acesse o arquivo da portaria<\/a><\/div><\/div>\n","protected":false},"excerpt":{"rendered":"<p>Averbar, a partir de 08 de maio de 2017, em favor da servidora LUISA FANES &#8211; 1202669, ocupante do cargo de Enfermeira \u00c1rea, lotada no Servi\u00e7o Integrado a Sa\u00fade do Hospital de Cl\u00ednicas, o tempo de servi\u00e7o abaixo listado, para fins de: Aposentadoria e disponibilidade: EMPRESA PER\u00cdODO TOTAL DE DIAS Irmandade da Santa Casa de Miseric\u00f3rdia de 21.08.1979 a 16.03.1980 209 S\u00e3o Paulo Unicor Unidade de Cardiologia S\/A 01.10.1980 a 31.10.1980 31 S\u00e3o Luiz Operadora Hospitalar S\/A 20.11.1980 a 01.07.1981 224 Hospital S\u00e3o Jorge S\/A 27.07.1981 a 30.07.1982 369 Col\u00e9gio T\u00e9cnico Santa Maria Goretti Ltda. 01.11.1982 a 21.10.1983<\/p>\n","protected":false},"author":41,"featured_media":0,"comment_status":"closed","ping_status":"open","sticky":false,"template":"wp-custom-template-emissao-entre-01-05-2004-ate-30-06-2017","format":"standard","meta":{"_acf_changed":false,"iawp_total_views":0,"footnotes":""},"categories":[116],"tags":[140],"class_list":["post-84569","post","type-post","status-publish","format-standard","hentry","category-progepe","tag-averbacao-desaverbacao"],"acf":[],"_links":{"self":[{"href":"https:\/\/progepe.ufpr.br\/portarias\/wp-json\/wp\/v2\/posts\/84569","targetHints":{"allow":["GET"]}}],"collection":[{"href":"https:\/\/progepe.ufpr.br\/portarias\/wp-json\/wp\/v2\/posts"}],"about":[{"href":"https:\/\/progepe.ufpr.br\/portarias\/wp-json\/wp\/v2\/types\/post"}],"author":[{"embeddable":true,"href":"https:\/\/progepe.ufpr.br\/portarias\/wp-json\/wp\/v2\/users\/41"}],"replies":[{"embeddable":true,"href":"https:\/\/progepe.ufpr.br\/portarias\/wp-json\/wp\/v2\/comments?post=84569"}],"version-history":[{"count":1,"href":"https:\/\/progepe.ufpr.br\/portarias\/wp-json\/wp\/v2\/posts\/84569\/revisions"}],"predecessor-version":[{"id":139439,"href":"https:\/\/progepe.ufpr.br\/portarias\/wp-json\/wp\/v2\/posts\/84569\/revisions\/139439"}],"wp:attachment":[{"href":"https:\/\/progepe.ufpr.br\/portarias\/wp-json\/wp\/v2\/media?parent=84569"}],"wp:term":[{"taxonomy":"category","embeddable":true,"href":"https:\/\/progepe.ufpr.br\/portarias\/wp-json\/wp\/v2\/categories?post=84569"},{"taxonomy":"post_tag","embeddable":true,"href":"https:\/\/progepe.ufpr.br\/portarias\/wp-json\/wp\/v2\/tags?post=84569"}],"curies":[{"name":"wp","href":"https:\/\/api.w.org\/{rel}","templated":true}]}}