{"id":84572,"date":"2017-05-18T10:00:00","date_gmt":"2017-05-18T13:00:00","guid":{"rendered":"http:\/\/progepe.ufpr.br\/portarias\/progepe-2017-02215\/"},"modified":"2023-07-31T16:30:42","modified_gmt":"2023-07-31T19:30:42","slug":"progepe-2017-02215","status":"publish","type":"post","link":"https:\/\/progepe.ufpr.br\/portarias\/progepe-2017-02215\/","title":{"rendered":"PORTARIA N\u00ba 02215\/PROGEPE, DE 18 DE MAIO DE 2017"},"content":{"rendered":"\n<p>A Pr\u00f3-Reitora de Gest\u00e3o de Pessoas da Universidade Federal do Paran\u00e1, em exerc\u00edcio, no uso de suas atribui\u00e7\u00f5es, tendo em vista a compet\u00eancia que lhe \u00e9 conferida pela Portaria n\u00ba 2.590, de 26 de setembro de 1997 e o que consta no Art. 100 e 103 da Lei n\u00ba 8.112\/90 e ainda o contido no processo n\u00ba 23075.039806\/1998-14,<\/p>\n\n\n<p><strong>RESOLVE:<\/strong><\/p>\n\n\n<p>Retificar a Portaria n\u00ba 1.670\/PRHAE de 16 de novembro 1998, que averbou tempo de servi\u00e7o \u00e0 servidora MARIA ANTONIA DE QUADROS \u2013 1250430, ocupante do cargo de Administradora, lotada no Departamento de Administra\u00e7\u00e3o de Pessoal da Pr\u00f3-Reitoria de Gest\u00e3o de Pessoas: Onde se l\u00ea:&#8230;o tempo prestado \u00e0 Prefeitura Municipal de Curitiba, no per\u00edodo de 01\/08\/1976 a 11\/11\/1997, no total de 7.765 dias&#8230;<\/p><p> Leia-se:&#8230;o tempo prestado conforme abaixo: Hospital e Maternidade Santa Izabel &#8211; de 01\/08\/1976 a 31\/12\/1986 &#8211; 3.804 dias Biblioteca P\u00fablica do Paran\u00e1 &#8211; de 01\/01\/1987 a 08\/08\/1990 &#8211; 1.315 dias Prefeitura Municipal de Curitiba &#8211; de 09\/08\/1990 a 11\/11\/1997 &#8211; 2.651 dias<\/p>\n\n\n<div style=\"height:15px\" aria-hidden=\"true\" class=\"wp-block-spacer\"><\/div>\n\n\n<div class=\"wp-block-buttons is-content-justification-right is-layout-flex wp-container-core-buttons-is-layout-1 wp-block-buttons-is-layout-flex\">\n<div class=\"wp-block-button has-custom-font-size is-style-outline has-small-font-size is-style-outline--1\"><a class=\"wp-block-button__link\" href=\"https:\/\/progepe.ufpr.br\/portarias\/wp-content\/uploads\/pcp\/PROGEPE\/2017\/2215PR.pdf\" style=\"border-radius:0px\" target=\"_blank\" rel=\"noreferrer noopener\">Acesse o arquivo da portaria<\/a><\/div><\/div>\n","protected":false},"excerpt":{"rendered":"<p>Retificar a Portaria n\u00ba 1.670\/PRHAE de 16 de novembro 1998, que averbou tempo de servi\u00e7o \u00e0 servidora MARIA ANTONIA DE QUADROS \u2013 1250430, ocupante do cargo de Administradora, lotada no Departamento de Administra\u00e7\u00e3o de Pessoal da Pr\u00f3-Reitoria de Gest\u00e3o de Pessoas: Onde se l\u00ea:&#8230;o tempo prestado \u00e0 Prefeitura Municipal de Curitiba, no per\u00edodo de 01\/08\/1976 a 11\/11\/1997, no total de 7.765 dias&#8230; Leia-se:&#8230;o tempo prestado conforme abaixo: Hospital e Maternidade Santa Izabel &#8211; de 01\/08\/1976 a 31\/12\/1986 &#8211; 3.804 dias Biblioteca P\u00fablica do Paran\u00e1 &#8211; de 01\/01\/1987 a 08\/08\/1990 &#8211; 1.315 dias Prefeitura Municipal de Curitiba &#8211; de<\/p>\n","protected":false},"author":41,"featured_media":0,"comment_status":"closed","ping_status":"open","sticky":false,"template":"","format":"standard","meta":{"_acf_changed":false,"iawp_total_views":3,"footnotes":""},"categories":[116],"tags":[140],"class_list":["post-84572","post","type-post","status-publish","format-standard","hentry","category-progepe","tag-averbacao-desaverbacao"],"acf":[],"_links":{"self":[{"href":"https:\/\/progepe.ufpr.br\/portarias\/wp-json\/wp\/v2\/posts\/84572","targetHints":{"allow":["GET"]}}],"collection":[{"href":"https:\/\/progepe.ufpr.br\/portarias\/wp-json\/wp\/v2\/posts"}],"about":[{"href":"https:\/\/progepe.ufpr.br\/portarias\/wp-json\/wp\/v2\/types\/post"}],"author":[{"embeddable":true,"href":"https:\/\/progepe.ufpr.br\/portarias\/wp-json\/wp\/v2\/users\/41"}],"replies":[{"embeddable":true,"href":"https:\/\/progepe.ufpr.br\/portarias\/wp-json\/wp\/v2\/comments?post=84572"}],"version-history":[{"count":1,"href":"https:\/\/progepe.ufpr.br\/portarias\/wp-json\/wp\/v2\/posts\/84572\/revisions"}],"predecessor-version":[{"id":139442,"href":"https:\/\/progepe.ufpr.br\/portarias\/wp-json\/wp\/v2\/posts\/84572\/revisions\/139442"}],"wp:attachment":[{"href":"https:\/\/progepe.ufpr.br\/portarias\/wp-json\/wp\/v2\/media?parent=84572"}],"wp:term":[{"taxonomy":"category","embeddable":true,"href":"https:\/\/progepe.ufpr.br\/portarias\/wp-json\/wp\/v2\/categories?post=84572"},{"taxonomy":"post_tag","embeddable":true,"href":"https:\/\/progepe.ufpr.br\/portarias\/wp-json\/wp\/v2\/tags?post=84572"}],"curies":[{"name":"wp","href":"https:\/\/api.w.org\/{rel}","templated":true}]}}