{"id":86097,"date":"2017-10-26T10:18:00","date_gmt":"2017-10-26T12:18:00","guid":{"rendered":"http:\/\/progepe.ufpr.br\/portarias\/progepe-2017-04657\/"},"modified":"2024-04-02T11:14:34","modified_gmt":"2024-04-02T14:14:34","slug":"progepe-2017-04657","status":"publish","type":"post","link":"https:\/\/progepe.ufpr.br\/portarias\/progepe-2017-04657\/","title":{"rendered":"PORTARIA N\u00ba 04657\/PROGEPE, DE 26 DE OUTUBRO DE 2017"},"content":{"rendered":"\n<p style=\"padding-left:43%\">O Pr\u00f3-Reitor de Gest\u00e3o de Pessoas da Universidade Federal do Paran\u00e1, no uso de suas atribui\u00e7\u00f5es, tendo em vista a compet\u00eancia que lhe \u00e9 conferida pela Portaria n\u00ba 2.590, de 26 de setembro de 1997, considerando o que consta no artigo 9\u00ba, inciso II da Lei n\u00ba 8.112\/90 e o contido no processo n\u00ba  23075.204684\/2017-03,<\/p>\n\n\n\n<p style=\"padding-left:43%\"><strong>RESOLVE:<\/strong><\/p>\n\n\n\n<p>I. Nomear, a partir da data de publica\u00e7\u00e3o em DOU desta Portaria, o servidor AMARILIO MOTTA FLORIANO &#8211; 1756454, ocupante do cargo de Analista de Tecnologia da Informa\u00e7\u00e3o, no regime de trabalho de 40 (quarenta) horas semanais, para exercer a fun\u00e7\u00e3o gratificada de Assistente, FG-02, do Gabinete do Reitor, autorizada pela Portaria do Minist\u00e9rio da Educa\u00e7\u00e3o n\u00ba 623, de 15 de julho de 2013, publicada no DOU de 16.07.2013.<\/p>\n\n\n\n<p>II. O mencionado servidor atuar\u00e1 nesta fun\u00e7\u00e3o como Chefe da Unidade de Mapeamento de Processos vinculada \u00e0 Pr\u00f3-Reitoria de Planejamento, Or\u00e7amento e Finan\u00e7as e dever\u00e1 cumprir, obrigatoriamente, o regime de trabalho de tempo integral, de acordo com o disposto no \u00a7 5\u00ba, artigo 1\u00ba da Lei n\u00ba 8.168\/91.<\/p>\n","protected":false},"excerpt":{"rendered":"<p>I. Nomear, a partir da data de publica\u00e7\u00e3o em DOU desta Portaria, o servidor AMARILIO MOTTA FLORIANO &#8211; 1756454, ocupante do cargo de Analista de Tecnologia da Informa\u00e7\u00e3o, no regime de trabalho de 40 (quarenta) horas semanais, para exercer a fun\u00e7\u00e3o gratificada de Assistente, FG-02, do Gabinete do Reitor, autorizada pela Portaria do Minist\u00e9rio da Educa\u00e7\u00e3o n\u00ba 623, de 15 de julho de 2013, publicada no DOU de 16.07.2013.  II. O mencionado servidor atuar\u00e1 nesta fun\u00e7\u00e3o como Chefe da Unidade de Mapeamento de Processos vinculada \u00e0 Pr\u00f3-Reitoria de Planejamento, Or\u00e7amento e Finan\u00e7as e dever\u00e1 cumprir, obrigatoriamente, o<\/p>\n","protected":false},"author":41,"featured_media":0,"comment_status":"closed","ping_status":"open","sticky":false,"template":"","format":"standard","meta":{"_acf_changed":false,"iawp_total_views":0,"footnotes":""},"categories":[116],"tags":[120],"class_list":["post-86097","post","type-post","status-publish","format-standard","hentry","category-progepe","tag-funcao"],"acf":[],"_links":{"self":[{"href":"https:\/\/progepe.ufpr.br\/portarias\/wp-json\/wp\/v2\/posts\/86097","targetHints":{"allow":["GET"]}}],"collection":[{"href":"https:\/\/progepe.ufpr.br\/portarias\/wp-json\/wp\/v2\/posts"}],"about":[{"href":"https:\/\/progepe.ufpr.br\/portarias\/wp-json\/wp\/v2\/types\/post"}],"author":[{"embeddable":true,"href":"https:\/\/progepe.ufpr.br\/portarias\/wp-json\/wp\/v2\/users\/41"}],"replies":[{"embeddable":true,"href":"https:\/\/progepe.ufpr.br\/portarias\/wp-json\/wp\/v2\/comments?post=86097"}],"version-history":[{"count":3,"href":"https:\/\/progepe.ufpr.br\/portarias\/wp-json\/wp\/v2\/posts\/86097\/revisions"}],"predecessor-version":[{"id":255444,"href":"https:\/\/progepe.ufpr.br\/portarias\/wp-json\/wp\/v2\/posts\/86097\/revisions\/255444"}],"wp:attachment":[{"href":"https:\/\/progepe.ufpr.br\/portarias\/wp-json\/wp\/v2\/media?parent=86097"}],"wp:term":[{"taxonomy":"category","embeddable":true,"href":"https:\/\/progepe.ufpr.br\/portarias\/wp-json\/wp\/v2\/categories?post=86097"},{"taxonomy":"post_tag","embeddable":true,"href":"https:\/\/progepe.ufpr.br\/portarias\/wp-json\/wp\/v2\/tags?post=86097"}],"curies":[{"name":"wp","href":"https:\/\/api.w.org\/{rel}","templated":true}]}}