{"id":86283,"date":"2017-05-08T10:27:00","date_gmt":"2017-05-08T13:27:00","guid":{"rendered":"http:\/\/progepe.ufpr.br\/portarias\/progepe-2017-01997\/"},"modified":"2023-08-03T12:23:14","modified_gmt":"2023-08-03T15:23:14","slug":"progepe-2017-01997","status":"publish","type":"post","link":"https:\/\/progepe.ufpr.br\/portarias\/progepe-2017-01997\/","title":{"rendered":"PORTARIA N\u00ba 01997\/PROGEPE, DE 08 DE MAIO DE 2017"},"content":{"rendered":"\n<p>O Pr\u00f3-Reitor de Gest\u00e3o de Pessoas da Universidade Federal do Paran\u00e1, no uso de suas atribui\u00e7\u00f5es, tendo em vista a compet\u00eancia que lhe \u00e9 conferida pela Portaria n\u00ba 2.590, de 26 de setembro de 1997, de acordo com os Artigos 11 e 12 da Lei n\u00ba 11.091\/05; os Anexos II e III do Decreto n\u00ba 5.824\/06 e o Anexo XV da Lei n\u00ba 11.784\/08; Lei n\u00ba 12.772\/12; e, o que consta no processo n\u00ba 23075.166347\/2017-01,<\/p>\n\n\n<p><strong>RESOLVE:<\/strong><\/p>\n\n\n<p>Conceder o Incentivo \u00e0 Qualifica\u00e7\u00e3o no percentual de 30 (trinta) por cento, a partir de 05 de abril de 2017, \u00e0 servidora CAROLINE FELEMA DOS SANTOS ROCHA &#8211; 2377495, ocupante do cargo de Bibliotec\u00e1ria Documentalista, lotada na Biblioteca do Centro de Estudos do Mar do Sistema de Bibliotecas, tendo em vista ter apresentado Certificado do Curso de Especializa\u00e7\u00e3o em Did\u00e1tica e Metodologia do Ensino Superior, emitido pela Faculdades Integradas do Vale do Itaja\u00ed.<\/p><p><\/p>\n\n\n<div style=\"height:15px\" aria-hidden=\"true\" class=\"wp-block-spacer\"><\/div>\n\n\n<div class=\"wp-block-buttons is-content-justification-right is-layout-flex wp-container-core-buttons-is-layout-1 wp-block-buttons-is-layout-flex\">\n<div class=\"wp-block-button has-custom-font-size is-style-outline has-small-font-size is-style-outline--1\"><a class=\"wp-block-button__link\" href=\"https:\/\/progepe.ufpr.br\/portarias\/wp-content\/uploads\/pcp\/PROGEPE\/2017\/1997PR.pdf\" style=\"border-radius:0px\" target=\"_blank\" rel=\"noreferrer noopener\">Acesse o arquivo da portaria<\/a><\/div><\/div>\n","protected":false},"excerpt":{"rendered":"<p>Conceder o Incentivo \u00e0 Qualifica\u00e7\u00e3o no percentual de 30 (trinta) por cento, a partir de 05 de abril de 2017, \u00e0 servidora CAROLINE FELEMA DOS SANTOS ROCHA &#8211; 2377495, ocupante do cargo de Bibliotec\u00e1ria Documentalista, lotada na Biblioteca do Centro de Estudos do Mar do Sistema de Bibliotecas, tendo em vista ter apresentado Certificado do Curso de Especializa\u00e7\u00e3o em Did\u00e1tica e Metodologia do Ensino Superior, emitido pela Faculdades Integradas do Vale do Itaja\u00ed.  {&#8220;height&#8221;:&#8221;15px&#8221;} <\/p>\n<div style=\"height:15px\" aria-hidden=\"true\" class=\"wp-block-spacer\"> <!-- \/wp:spacer  {\"layout\":{\"type\":\"flex\",\"justifyContent\":\"right\"}} \n\n<div class=\"wp-block-buttons\"><!-- wp:button {\"style\":{\"border\":{\"radius\":\"0px\"}},\"className\":\"is-style-outline\",\"fontSize\":\"small\"} \n\n<div class=\"wp-block-button has-custom-font-size is-style-outline has-small-font-size\"><a class=\"wp-block-button__link\" href=\"https:\/\/progepe.ufpr.br\/portarias\/wp-content\/uploads\/pcp\/PROGEPE\/2017\/1997PR.pdf\" style=\"border-radius:0px\" target=\"_bla\n<\/p>\n","protected":false},"author":41,"featured_media":0,"comment_status":"closed","ping_status":"open","sticky":false,"template":"","format":"standard","meta":{"_acf_changed":false,"iawp_total_views":0,"footnotes":""},"categories":[116],"tags":[142],"class_list":["post-86283","post","type-post","status-publish","format-standard","hentry","category-progepe","tag-incentivo-qualificacao"],"acf":[],"_links":{"self":[{"href":"https:\/\/progepe.ufpr.br\/portarias\/wp-json\/wp\/v2\/posts\/86283","targetHints":{"allow":["GET"]}}],"collection":[{"href":"https:\/\/progepe.ufpr.br\/portarias\/wp-json\/wp\/v2\/posts"}],"about":[{"href":"https:\/\/progepe.ufpr.br\/portarias\/wp-json\/wp\/v2\/types\/post"}],"author":[{"embeddable":true,"href":"https:\/\/progepe.ufpr.br\/portarias\/wp-json\/wp\/v2\/users\/41"}],"replies":[{"embeddable":true,"href":"https:\/\/progepe.ufpr.br\/portarias\/wp-json\/wp\/v2\/comments?post=86283"}],"version-history":[{"count":1,"href":"https:\/\/progepe.ufpr.br\/portarias\/wp-json\/wp\/v2\/posts\/86283\/revisions"}],"predecessor-version":[{"id":141114,"href":"https:\/\/progepe.ufpr.br\/portarias\/wp-json\/wp\/v2\/posts\/86283\/revisions\/141114"}],"wp:attachment":[{"href":"https:\/\/progepe.ufpr.br\/portarias\/wp-json\/wp\/v2\/media?parent=86283"}],"wp:term":[{"taxonomy":"category","embeddable":true,"href":"https:\/\/progepe.ufpr.br\/portarias\/wp-json\/wp\/v2\/categories?post=86283"},{"taxonomy":"post_tag","embeddable":true,"href":"https:\/\/progepe.ufpr.br\/portarias\/wp-json\/wp\/v2\/tags?post=86283"}],"curies":[{"name":"wp","href":"https:\/\/api.w.org\/{rel}","templated":true}]}}