{"id":86974,"date":"2017-06-21T10:01:00","date_gmt":"2017-06-21T13:01:00","guid":{"rendered":"http:\/\/progepe.ufpr.br\/portarias\/progepe-2017-02773\/"},"modified":"2023-08-03T12:24:40","modified_gmt":"2023-08-03T15:24:40","slug":"progepe-2017-02773","status":"publish","type":"post","link":"https:\/\/progepe.ufpr.br\/portarias\/progepe-2017-02773\/","title":{"rendered":"PORTARIA N\u00ba 02773\/PROGEPE, DE 21 DE JUNHO DE 2017"},"content":{"rendered":"\n<p>O Pr\u00f3-Reitor de Gest\u00e3o de Pessoas da Universidade Federal do Paran\u00e1, no uso de suas atribui\u00e7\u00f5es, tendo em vista a compet\u00eancia que lhe \u00e9 conferida pela Portaria n\u00ba 2.590, de 26 de setembro de 1997 e considerando o contido no processo n\u00ba 23075.180821\/2017-07,<\/p>\n\n\n<p><strong>RESOLVE:<\/strong><\/p>\n\n\n<p>Conceder benef\u00edcio de pens\u00e3o, a partir de 30 de maio de 2017, data do falecimento de GLADSTON JOSE CORDEIRO &#8211; 1653121, nos termos dos Artigos 215 e 217, inciso III da Lei n\u00ba 8.112\/90, com reda\u00e7\u00e3o da Lei n\u00ba 13.135\/15, ao companheiro JOSE ADILSON ARCANJO DOS SANTOS, calculado com base nos proventos percebidos pelo ex-servidor, na categoria funcional de Assistente em Administra\u00e7\u00e3o, em regime de trabalho de 40 (quarenta) horas semanais, n\u00edvel de classifica\u00e7\u00e3o D, n\u00edvel de capacita\u00e7\u00e3o 04, padr\u00e3o de vencimento 06, na forma preceituada no \u00a7 7\u00ba e \u00a7 18, do Art. 40 da E.C. 41\/03, c\/c Art. 2\u00ba da Lei n\u00ba 10.887\/04.<\/p><p><\/p>\n\n\n<div style=\"height:15px\" aria-hidden=\"true\" class=\"wp-block-spacer\"><\/div>\n\n\n<div class=\"wp-block-buttons is-content-justification-right is-layout-flex wp-container-core-buttons-is-layout-1 wp-block-buttons-is-layout-flex\">\n<div class=\"wp-block-button has-custom-font-size is-style-outline has-small-font-size is-style-outline--1\"><a class=\"wp-block-button__link\" href=\"https:\/\/progepe.ufpr.br\/portarias\/wp-content\/uploads\/pcp\/PROGEPE\/2017\/2773PR.pdf\" style=\"border-radius:0px\" target=\"_blank\" rel=\"noreferrer noopener\">Acesse o arquivo da portaria<\/a><\/div><\/div>\n","protected":false},"excerpt":{"rendered":"<p>Conceder benef\u00edcio de pens\u00e3o, a partir de 30 de maio de 2017, data do falecimento de GLADSTON JOSE CORDEIRO &#8211; 1653121, nos termos dos Artigos 215 e 217, inciso III da Lei n\u00ba 8.112\/90, com reda\u00e7\u00e3o da Lei n\u00ba 13.135\/15, ao companheiro JOSE ADILSON ARCANJO DOS SANTOS, calculado com base nos proventos percebidos pelo ex-servidor, na categoria funcional de Assistente em Administra\u00e7\u00e3o, em regime de trabalho de 40 (quarenta) horas semanais, n\u00edvel de classifica\u00e7\u00e3o D, n\u00edvel de capacita\u00e7\u00e3o 04, padr\u00e3o de vencimento 06, na forma preceituada no \u00a7 7\u00ba e \u00a7 18, do Art. 40 da E.C. 41\/03,<\/p>\n","protected":false},"author":41,"featured_media":0,"comment_status":"closed","ping_status":"open","sticky":false,"template":"","format":"standard","meta":{"_acf_changed":false,"iawp_total_views":1,"footnotes":""},"categories":[116],"tags":[145],"class_list":["post-86974","post","type-post","status-publish","format-standard","hentry","category-progepe","tag-pensao"],"acf":[],"_links":{"self":[{"href":"https:\/\/progepe.ufpr.br\/portarias\/wp-json\/wp\/v2\/posts\/86974","targetHints":{"allow":["GET"]}}],"collection":[{"href":"https:\/\/progepe.ufpr.br\/portarias\/wp-json\/wp\/v2\/posts"}],"about":[{"href":"https:\/\/progepe.ufpr.br\/portarias\/wp-json\/wp\/v2\/types\/post"}],"author":[{"embeddable":true,"href":"https:\/\/progepe.ufpr.br\/portarias\/wp-json\/wp\/v2\/users\/41"}],"replies":[{"embeddable":true,"href":"https:\/\/progepe.ufpr.br\/portarias\/wp-json\/wp\/v2\/comments?post=86974"}],"version-history":[{"count":1,"href":"https:\/\/progepe.ufpr.br\/portarias\/wp-json\/wp\/v2\/posts\/86974\/revisions"}],"predecessor-version":[{"id":141804,"href":"https:\/\/progepe.ufpr.br\/portarias\/wp-json\/wp\/v2\/posts\/86974\/revisions\/141804"}],"wp:attachment":[{"href":"https:\/\/progepe.ufpr.br\/portarias\/wp-json\/wp\/v2\/media?parent=86974"}],"wp:term":[{"taxonomy":"category","embeddable":true,"href":"https:\/\/progepe.ufpr.br\/portarias\/wp-json\/wp\/v2\/categories?post=86974"},{"taxonomy":"post_tag","embeddable":true,"href":"https:\/\/progepe.ufpr.br\/portarias\/wp-json\/wp\/v2\/tags?post=86974"}],"curies":[{"name":"wp","href":"https:\/\/api.w.org\/{rel}","templated":true}]}}