{"id":87026,"date":"2017-03-20T10:12:00","date_gmt":"2017-03-20T13:12:00","guid":{"rendered":"http:\/\/progepe.ufpr.br\/portarias\/progepe-2017-01121\/"},"modified":"2023-08-03T12:21:36","modified_gmt":"2023-08-03T15:21:36","slug":"progepe-2017-01121","status":"publish","type":"post","link":"https:\/\/progepe.ufpr.br\/portarias\/progepe-2017-01121\/","title":{"rendered":"PORTARIA N\u00ba 01121\/PROGEPE, DE 20 DE MAR\u00c7O DE 2017"},"content":{"rendered":"\n<p>O  Pr\u00f3-Reitor  de  Gest\u00e3o  de  Pessoas  da Universidade Federal do Paran\u00e1,  no uso de suas atribui\u00e7\u00f5es,  tendo  em  vista  a  compet\u00eancia  que  lhe  \u00e9 conferida pela Portaria n\u00ba 2.590, de 26 de setembro de 1997, de acordo com o Art. 10, \u00a7 1\u00ba e 4\u00ba da Lei n\u00ba 11.091\/05; Art. 4\u00ba  \u00a7  1\u00ba  do  Decreto  n\u00ba  5.824\/06;  Portaria  MEC  09\/06; Portaria  MEC  39\/11;  Parecer  MEC 50151\/2015\/DCC\/COLEP\/CGGP\/SAA;  Portaria  n\u00ba 18.908\/PROGEPE,  de  16.08.2016;  e,  ainda  o  contido  no processo n\u00ba 23075.170401\/2017-12,<\/p>\n\n\n<p><strong>RESOLVE:<\/strong><\/p>\n\n\n<p>I.  Conceder  progress\u00e3o  por  capacita\u00e7\u00e3o  profissional  ao servidor  RICARDO  MURAOKA  \u2013  2079814,  ocupante  do  cargo  de  Auxiliar  em Administra\u00e7\u00e3o, lotado na Se\u00e7\u00e3o de Atendimento Externo TMO do Hospital de Cl\u00ednicas, do n\u00edvel C-01 para o C-02, padr\u00e3o de Vencimento 03, a partir de 18 de janeiro de 2017, tendo em vista os certificados apresentado no citado processo.<\/p><p> II.  O  citado  servidor  acumula  apenas  para  a  pr\u00f3xima progress\u00e3o por capacita\u00e7\u00e3o 4 h (quatro horas).<\/p><p><\/p>\n\n\n<div style=\"height:15px\" aria-hidden=\"true\" class=\"wp-block-spacer\"><\/div>\n\n\n<div class=\"wp-block-buttons is-content-justification-right is-layout-flex wp-container-core-buttons-is-layout-1 wp-block-buttons-is-layout-flex\">\n<div class=\"wp-block-button has-custom-font-size is-style-outline has-small-font-size is-style-outline--1\"><a class=\"wp-block-button__link\" href=\"https:\/\/progepe.ufpr.br\/portarias\/wp-content\/uploads\/pcp\/PROGEPE\/2017\/1121PR.pdf\" style=\"border-radius:0px\" target=\"_blank\" rel=\"noreferrer noopener\">Acesse o arquivo da portaria<\/a><\/div><\/div>\n","protected":false},"excerpt":{"rendered":"<p>I. Conceder progress\u00e3o por capacita\u00e7\u00e3o profissional ao servidor RICARDO MURAOKA \u2013 2079814, ocupante do cargo de Auxiliar em Administra\u00e7\u00e3o, lotado na Se\u00e7\u00e3o de Atendimento Externo TMO do Hospital de Cl\u00ednicas, do n\u00edvel C-01 para o C-02, padr\u00e3o de Vencimento 03, a partir de 18 de janeiro de 2017, tendo em vista os certificados apresentado no citado processo. II. O citado servidor acumula apenas para a pr\u00f3xima progress\u00e3o por capacita\u00e7\u00e3o 4 h (quatro horas).  {&#8220;height&#8221;:&#8221;15px&#8221;} <\/p>\n<div style=\"height:15px\" aria-hidden=\"true\" class=\"wp-block-spacer\"> <!-- \/wp:spacer  {\"layout\":{\"type\":\"flex\",\"justifyContent\":\"right\"}} \n\n<div class=\"wp-block-buttons\"><!-- wp:button {\"style\":{\"border\":{\"radius\":\"0px\"}},\"className\":\"is-style-outline\",\"fontSize\":\"small\"} \n\n<div class=\"wp-block-button has-custom-font-size is-style-outline has-small-font-size\"><a class=\"wp-block-button__link\" href=\"https:\/\/progepe.ufpr.br\/portarias\/wp-content\/uploads\/pcp\/PROGEPE\/2017\/1121PR.pdf\" style=\"border-radius:0px\" target=\"_blank\" re\n<\/p>\n","protected":false},"author":41,"featured_media":0,"comment_status":"closed","ping_status":"open","sticky":false,"template":"wp-custom-template-emissao-entre-01-05-2004-ate-30-06-2017","format":"standard","meta":{"_acf_changed":false,"iawp_total_views":0,"footnotes":""},"categories":[116],"tags":[143],"class_list":["post-87026","post","type-post","status-publish","format-standard","hentry","category-progepe","tag-progressao-promocao"],"acf":[],"_links":{"self":[{"href":"https:\/\/progepe.ufpr.br\/portarias\/wp-json\/wp\/v2\/posts\/87026","targetHints":{"allow":["GET"]}}],"collection":[{"href":"https:\/\/progepe.ufpr.br\/portarias\/wp-json\/wp\/v2\/posts"}],"about":[{"href":"https:\/\/progepe.ufpr.br\/portarias\/wp-json\/wp\/v2\/types\/post"}],"author":[{"embeddable":true,"href":"https:\/\/progepe.ufpr.br\/portarias\/wp-json\/wp\/v2\/users\/41"}],"replies":[{"embeddable":true,"href":"https:\/\/progepe.ufpr.br\/portarias\/wp-json\/wp\/v2\/comments?post=87026"}],"version-history":[{"count":1,"href":"https:\/\/progepe.ufpr.br\/portarias\/wp-json\/wp\/v2\/posts\/87026\/revisions"}],"predecessor-version":[{"id":141855,"href":"https:\/\/progepe.ufpr.br\/portarias\/wp-json\/wp\/v2\/posts\/87026\/revisions\/141855"}],"wp:attachment":[{"href":"https:\/\/progepe.ufpr.br\/portarias\/wp-json\/wp\/v2\/media?parent=87026"}],"wp:term":[{"taxonomy":"category","embeddable":true,"href":"https:\/\/progepe.ufpr.br\/portarias\/wp-json\/wp\/v2\/categories?post=87026"},{"taxonomy":"post_tag","embeddable":true,"href":"https:\/\/progepe.ufpr.br\/portarias\/wp-json\/wp\/v2\/tags?post=87026"}],"curies":[{"name":"wp","href":"https:\/\/api.w.org\/{rel}","templated":true}]}}