{"id":87257,"date":"2017-05-11T10:12:00","date_gmt":"2017-05-11T13:12:00","guid":{"rendered":"http:\/\/progepe.ufpr.br\/portarias\/progepe-2017-02084\/"},"modified":"2023-08-03T12:23:24","modified_gmt":"2023-08-03T15:23:24","slug":"progepe-2017-02084","status":"publish","type":"post","link":"https:\/\/progepe.ufpr.br\/portarias\/progepe-2017-02084\/","title":{"rendered":"PORTARIA N\u00ba 02084\/PROGEPE, DE 11 DE MAIO DE 2017"},"content":{"rendered":"\n<p>O Pr\u00f3-Reitor de Gest\u00e3o de Pessoas da Universidade Federal do Paran\u00e1, no uso de suas atribui\u00e7\u00f5es, tendo em vista a compet\u00eancia que lhe \u00e9 conferida pela Portaria n\u00ba 2.590, de 26 de setembro de 1997, considerando o que consta na Resolu\u00e7\u00e3o n\u00ba 10\/2014-CEPE e ainda o que consta no processo n\u00ba 23075.250094\/2016- 63,<\/p>\n\n\n<p><strong>RESOLVE:<\/strong><\/p>\n\n\n<p>I. Conceder progress\u00e3o funcional \u00e0 servidora ANA FLAVIA LOCATELI GODOI \u2013 1642859, ocupante do cargo de Professora do Magist\u00e9rio Superior, lotada no Departamento de Engenharia Ambiental do Setor de Tecnologia, do n\u00edvel 6-04 da classe C \u2013 Adjunto para o n\u00edvel 7-01 da classe D &#8211; Associado, conforme parecer da CPPD na avalia\u00e7\u00e3o de desempenho, a partir de 13 de dezembro de 2016.<\/p><p> II. A progress\u00e3o subsequente ser\u00e1 a partir de 13 de dezembro de 2018.<\/p><p><\/p>\n\n\n<div style=\"height:15px\" aria-hidden=\"true\" class=\"wp-block-spacer\"><\/div>\n\n\n<div class=\"wp-block-buttons is-content-justification-right is-layout-flex wp-container-core-buttons-is-layout-1 wp-block-buttons-is-layout-flex\">\n<div class=\"wp-block-button has-custom-font-size is-style-outline has-small-font-size is-style-outline--1\"><a class=\"wp-block-button__link\" href=\"https:\/\/progepe.ufpr.br\/portarias\/wp-content\/uploads\/pcp\/PROGEPE\/2017\/2084PR.pdf\" style=\"border-radius:0px\" target=\"_blank\" rel=\"noreferrer noopener\">Acesse o arquivo da portaria<\/a><\/div><\/div>\n","protected":false},"excerpt":{"rendered":"<p>I. Conceder progress\u00e3o funcional \u00e0 servidora ANA FLAVIA LOCATELI GODOI \u2013 1642859, ocupante do cargo de Professora do Magist\u00e9rio Superior, lotada no Departamento de Engenharia Ambiental do Setor de Tecnologia, do n\u00edvel 6-04 da classe C \u2013 Adjunto para o n\u00edvel 7-01 da classe D &#8211; Associado, conforme parecer da CPPD na avalia\u00e7\u00e3o de desempenho, a partir de 13 de dezembro de 2016. II. A progress\u00e3o subsequente ser\u00e1 a partir de 13 de dezembro de 2018.  {&#8220;height&#8221;:&#8221;15px&#8221;} <\/p>\n<div style=\"height:15px\" aria-hidden=\"true\" class=\"wp-block-spacer\"> <!-- \/wp:spacer  {\"layout\":{\"type\":\"flex\",\"justifyContent\":\"right\"}} \n\n<div class=\"wp-block-buttons\"><!-- wp:button {\"style\":{\"border\":{\"radius\":\"0px\"}},\"className\":\"is-style-outline\",\"fontSize\":\"small\"} \n\n<div class=\"wp-block-button has-custom-font-size is-style-outline has-small-font-size\"><a class=\"wp-block-button__link\" href=\"https:\/\/progepe.ufpr.br\/portarias\/wp-content\/uploads\/pcp\/PROGEPE\/2017\/2084PR.pdf\" style=\"border-radius:0px\"\n<\/p>\n","protected":false},"author":41,"featured_media":0,"comment_status":"closed","ping_status":"open","sticky":false,"template":"","format":"standard","meta":{"_acf_changed":false,"iawp_total_views":0,"footnotes":""},"categories":[116],"tags":[143],"class_list":["post-87257","post","type-post","status-publish","format-standard","hentry","category-progepe","tag-progressao-promocao"],"acf":[],"_links":{"self":[{"href":"https:\/\/progepe.ufpr.br\/portarias\/wp-json\/wp\/v2\/posts\/87257","targetHints":{"allow":["GET"]}}],"collection":[{"href":"https:\/\/progepe.ufpr.br\/portarias\/wp-json\/wp\/v2\/posts"}],"about":[{"href":"https:\/\/progepe.ufpr.br\/portarias\/wp-json\/wp\/v2\/types\/post"}],"author":[{"embeddable":true,"href":"https:\/\/progepe.ufpr.br\/portarias\/wp-json\/wp\/v2\/users\/41"}],"replies":[{"embeddable":true,"href":"https:\/\/progepe.ufpr.br\/portarias\/wp-json\/wp\/v2\/comments?post=87257"}],"version-history":[{"count":1,"href":"https:\/\/progepe.ufpr.br\/portarias\/wp-json\/wp\/v2\/posts\/87257\/revisions"}],"predecessor-version":[{"id":142086,"href":"https:\/\/progepe.ufpr.br\/portarias\/wp-json\/wp\/v2\/posts\/87257\/revisions\/142086"}],"wp:attachment":[{"href":"https:\/\/progepe.ufpr.br\/portarias\/wp-json\/wp\/v2\/media?parent=87257"}],"wp:term":[{"taxonomy":"category","embeddable":true,"href":"https:\/\/progepe.ufpr.br\/portarias\/wp-json\/wp\/v2\/categories?post=87257"},{"taxonomy":"post_tag","embeddable":true,"href":"https:\/\/progepe.ufpr.br\/portarias\/wp-json\/wp\/v2\/tags?post=87257"}],"curies":[{"name":"wp","href":"https:\/\/api.w.org\/{rel}","templated":true}]}}