{"id":87284,"date":"2017-05-16T10:15:00","date_gmt":"2017-05-16T13:15:00","guid":{"rendered":"http:\/\/progepe.ufpr.br\/portarias\/progepe-2017-02163\/"},"modified":"2023-08-03T12:23:33","modified_gmt":"2023-08-03T15:23:33","slug":"progepe-2017-02163","status":"publish","type":"post","link":"https:\/\/progepe.ufpr.br\/portarias\/progepe-2017-02163\/","title":{"rendered":"PORTARIA N\u00ba 02163\/PROGEPE, DE 16 DE MAIO DE 2017"},"content":{"rendered":"\n<p>A  Pr\u00f3-Reitora  de  Gest\u00e3o  de  Pessoas  da Universidade Federal do Paran\u00e1, em exerc\u00edcio, no uso de suas atribui\u00e7\u00f5es, tendo em vista a compet\u00eancia que lhe \u00e9 conferida pela Portaria n\u00ba 2.590, de 26 de setembro de 1997, considerando o que consta na Resolu\u00e7\u00e3o n\u00ba 10\/2014-CEPE e ainda  o  que  consta  no  processo  n\u00ba  23075.168959\/2016-49,<\/p>\n\n\n<p><strong>RESOLVE:<\/strong><\/p>\n\n\n<p>I.  Conceder  progress\u00e3o  funcional  ao  servidor  ERNESTO JACOB KEIM \u2013 2131562, ocupante do cargo de Professor do Magist\u00e9rio Superior, lotado no Centro de Estudos do Mar do Setor de Ci\u00eancias da Terra, do n\u00edvel 6-01 para o n\u00edvel 6- 02 da classe A \u2013 Adjunto, conforme parecer da CPPD na avalia\u00e7\u00e3o de desempenho, a partir de 07 de dezembro de 2016.<\/p><p> II. A progress\u00e3o subsequente ser\u00e1 a partir de 07 de dezembro de 2018.<\/p><p><\/p>\n\n\n<div style=\"height:15px\" aria-hidden=\"true\" class=\"wp-block-spacer\"><\/div>\n\n\n<div class=\"wp-block-buttons is-content-justification-right is-layout-flex wp-container-core-buttons-is-layout-1 wp-block-buttons-is-layout-flex\">\n<div class=\"wp-block-button has-custom-font-size is-style-outline has-small-font-size is-style-outline--1\"><a class=\"wp-block-button__link\" href=\"https:\/\/progepe.ufpr.br\/portarias\/wp-content\/uploads\/pcp\/PROGEPE\/2017\/2163PR.pdf\" style=\"border-radius:0px\" target=\"_blank\" rel=\"noreferrer noopener\">Acesse o arquivo da portaria<\/a><\/div><\/div>\n","protected":false},"excerpt":{"rendered":"<p>I. Conceder progress\u00e3o funcional ao servidor ERNESTO JACOB KEIM \u2013 2131562, ocupante do cargo de Professor do Magist\u00e9rio Superior, lotado no Centro de Estudos do Mar do Setor de Ci\u00eancias da Terra, do n\u00edvel 6-01 para o n\u00edvel 6- 02 da classe A \u2013 Adjunto, conforme parecer da CPPD na avalia\u00e7\u00e3o de desempenho, a partir de 07 de dezembro de 2016. II. A progress\u00e3o subsequente ser\u00e1 a partir de 07 de dezembro de 2018.  {&#8220;height&#8221;:&#8221;15px&#8221;} <\/p>\n<div style=\"height:15px\" aria-hidden=\"true\" class=\"wp-block-spacer\"> <!-- \/wp:spacer  {\"layout\":{\"type\":\"flex\",\"justifyContent\":\"right\"}} \n\n<div class=\"wp-block-buttons\"><!-- wp:button {\"style\":{\"border\":{\"radius\":\"0px\"}},\"className\":\"is-style-outline\",\"fontSize\":\"small\"} \n\n<div class=\"wp-block-button has-custom-font-size is-style-outline has-small-font-size\"><a class=\"wp-block-button__link\" href=\"https:\/\/progepe.ufpr.br\/portarias\/wp-content\/uploads\/pcp\/PROGEPE\/2017\/2163PR.pdf\" style=\"border-radius:0px\" target=\"_blank\" rel=\"noreferrer\n<\/p>\n","protected":false},"author":41,"featured_media":0,"comment_status":"closed","ping_status":"open","sticky":false,"template":"wp-custom-template-emissao-entre-01-05-2004-ate-30-06-2017","format":"standard","meta":{"_acf_changed":false,"iawp_total_views":0,"footnotes":""},"categories":[116],"tags":[143],"class_list":["post-87284","post","type-post","status-publish","format-standard","hentry","category-progepe","tag-progressao-promocao"],"acf":[],"_links":{"self":[{"href":"https:\/\/progepe.ufpr.br\/portarias\/wp-json\/wp\/v2\/posts\/87284","targetHints":{"allow":["GET"]}}],"collection":[{"href":"https:\/\/progepe.ufpr.br\/portarias\/wp-json\/wp\/v2\/posts"}],"about":[{"href":"https:\/\/progepe.ufpr.br\/portarias\/wp-json\/wp\/v2\/types\/post"}],"author":[{"embeddable":true,"href":"https:\/\/progepe.ufpr.br\/portarias\/wp-json\/wp\/v2\/users\/41"}],"replies":[{"embeddable":true,"href":"https:\/\/progepe.ufpr.br\/portarias\/wp-json\/wp\/v2\/comments?post=87284"}],"version-history":[{"count":1,"href":"https:\/\/progepe.ufpr.br\/portarias\/wp-json\/wp\/v2\/posts\/87284\/revisions"}],"predecessor-version":[{"id":142113,"href":"https:\/\/progepe.ufpr.br\/portarias\/wp-json\/wp\/v2\/posts\/87284\/revisions\/142113"}],"wp:attachment":[{"href":"https:\/\/progepe.ufpr.br\/portarias\/wp-json\/wp\/v2\/media?parent=87284"}],"wp:term":[{"taxonomy":"category","embeddable":true,"href":"https:\/\/progepe.ufpr.br\/portarias\/wp-json\/wp\/v2\/categories?post=87284"},{"taxonomy":"post_tag","embeddable":true,"href":"https:\/\/progepe.ufpr.br\/portarias\/wp-json\/wp\/v2\/tags?post=87284"}],"curies":[{"name":"wp","href":"https:\/\/api.w.org\/{rel}","templated":true}]}}