{"id":87397,"date":"2017-01-24T10:31:00","date_gmt":"2017-01-24T12:31:00","guid":{"rendered":"http:\/\/progepe.ufpr.br\/portarias\/progepe-2017-00273\/"},"modified":"2023-08-03T12:20:03","modified_gmt":"2023-08-03T15:20:03","slug":"progepe-2017-00273","status":"publish","type":"post","link":"https:\/\/progepe.ufpr.br\/portarias\/progepe-2017-00273\/","title":{"rendered":"PORTARIA N\u00ba 00273\/PROGEPE, DE 24 DE JANEIRO DE 2017"},"content":{"rendered":"\n<p>O  Pr\u00f3-Reitor  de  Gest\u00e3o  de  Pessoas  da Universidade Federal do Paran\u00e1,  no uso de suas atribui\u00e7\u00f5es,  tendo  em  vista  a  compet\u00eancia  que  lhe  \u00e9 conferida pela Portaria n\u00ba 2.590, de 26 de setembro de 1997, de acordo com o Art. 10, \u00a7 1\u00ba e 4\u00ba da Lei n\u00ba 11.091\/05; Art. 4\u00ba  \u00a7  1\u00ba  do  Decreto  n\u00ba  5.824\/06;  Portaria  MEC  09\/06; Portaria  MEC  39\/11;  Parecer  MEC 50151\/2015\/DCC\/COLEP\/CGGP\/SAA;  Portaria  n\u00ba 18.908\/PROGEPE,  de  16.08.2016;  e,  ainda  o  contido  no processo n\u00ba 166199\/2016-35,<\/p>\n\n\n<p><strong>RESOLVE:<\/strong><\/p>\n\n\n<p>I.  Conceder  progress\u00e3o  por  capacita\u00e7\u00e3o  profissional  ao servidor DALMIR APARECIDO BOMFIM \u2013 2161340, ocupante do cargo de T\u00e9cnico em Anatomia e Necropsia, lotado na Se\u00e7\u00e3o Necropsia do Hospital de Cl\u00ednicas, do n\u00edvel D-02 para o D-03, padr\u00e3o de Vencimento 04, a partir de 22 de novembro de 2016, tendo em vista os certificados apresentado \u00e0s folhas 02 a 05 do citado processo.<\/p><p> II.  O  citado  servidor  acumula  apenas  para  a  pr\u00f3xima progress\u00e3o por capacita\u00e7\u00e3o 150 h (cento e cinquenta horas).<\/p><p> pfn M I N I S T E R I O  D A  E D U C A \u00c7 \u00c3 O UNIVERSIDADE FEDERAL DO PARAN\u00c1<\/p>\n\n\n<div style=\"height:15px\" aria-hidden=\"true\" class=\"wp-block-spacer\"><\/div>\n\n\n<div class=\"wp-block-buttons is-content-justification-right is-layout-flex wp-container-core-buttons-is-layout-1 wp-block-buttons-is-layout-flex\">\n<div class=\"wp-block-button has-custom-font-size is-style-outline has-small-font-size is-style-outline--1\"><a class=\"wp-block-button__link\" href=\"https:\/\/progepe.ufpr.br\/portarias\/wp-content\/uploads\/pcp\/PROGEPE\/2017\/273PR.pdf\" style=\"border-radius:0px\" target=\"_blank\" rel=\"noreferrer noopener\">Acesse o arquivo da portaria<\/a><\/div><\/div>\n","protected":false},"excerpt":{"rendered":"<p>I. Conceder progress\u00e3o por capacita\u00e7\u00e3o profissional ao servidor DALMIR APARECIDO BOMFIM \u2013 2161340, ocupante do cargo de T\u00e9cnico em Anatomia e Necropsia, lotado na Se\u00e7\u00e3o Necropsia do Hospital de Cl\u00ednicas, do n\u00edvel D-02 para o D-03, padr\u00e3o de Vencimento 04, a partir de 22 de novembro de 2016, tendo em vista os certificados apresentado \u00e0s folhas 02 a 05 do citado processo. II. O citado servidor acumula apenas para a pr\u00f3xima progress\u00e3o por capacita\u00e7\u00e3o 150 h (cento e cinquenta horas). pfn M I N I S T E R I O D A E D U C A<\/p>\n","protected":false},"author":41,"featured_media":0,"comment_status":"closed","ping_status":"open","sticky":false,"template":"wp-custom-template-emissao-entre-01-05-2004-ate-30-06-2017","format":"standard","meta":{"_acf_changed":false,"iawp_total_views":0,"footnotes":""},"categories":[116],"tags":[143],"class_list":["post-87397","post","type-post","status-publish","format-standard","hentry","category-progepe","tag-progressao-promocao"],"acf":[],"_links":{"self":[{"href":"https:\/\/progepe.ufpr.br\/portarias\/wp-json\/wp\/v2\/posts\/87397","targetHints":{"allow":["GET"]}}],"collection":[{"href":"https:\/\/progepe.ufpr.br\/portarias\/wp-json\/wp\/v2\/posts"}],"about":[{"href":"https:\/\/progepe.ufpr.br\/portarias\/wp-json\/wp\/v2\/types\/post"}],"author":[{"embeddable":true,"href":"https:\/\/progepe.ufpr.br\/portarias\/wp-json\/wp\/v2\/users\/41"}],"replies":[{"embeddable":true,"href":"https:\/\/progepe.ufpr.br\/portarias\/wp-json\/wp\/v2\/comments?post=87397"}],"version-history":[{"count":1,"href":"https:\/\/progepe.ufpr.br\/portarias\/wp-json\/wp\/v2\/posts\/87397\/revisions"}],"predecessor-version":[{"id":142226,"href":"https:\/\/progepe.ufpr.br\/portarias\/wp-json\/wp\/v2\/posts\/87397\/revisions\/142226"}],"wp:attachment":[{"href":"https:\/\/progepe.ufpr.br\/portarias\/wp-json\/wp\/v2\/media?parent=87397"}],"wp:term":[{"taxonomy":"category","embeddable":true,"href":"https:\/\/progepe.ufpr.br\/portarias\/wp-json\/wp\/v2\/categories?post=87397"},{"taxonomy":"post_tag","embeddable":true,"href":"https:\/\/progepe.ufpr.br\/portarias\/wp-json\/wp\/v2\/tags?post=87397"}],"curies":[{"name":"wp","href":"https:\/\/api.w.org\/{rel}","templated":true}]}}