{"id":87932,"date":"2017-11-30T10:09:00","date_gmt":"2017-11-30T12:09:00","guid":{"rendered":"http:\/\/progepe.ufpr.br\/portarias\/progepe-2017-05178\/"},"modified":"2023-08-03T12:29:11","modified_gmt":"2023-08-03T15:29:11","slug":"progepe-2017-05178","status":"publish","type":"post","link":"https:\/\/progepe.ufpr.br\/portarias\/progepe-2017-05178\/","title":{"rendered":"PORTARIA N\u00ba 05178\/PROGEPE, DE 30 DE NOVEMBRO DE 2017"},"content":{"rendered":"\n<p>O Pr\u00f3-Reitor de Gest\u00e3o de Pessoas da Universidade Federal do Paran\u00e1, no uso de suas atribui\u00e7\u00f5es, tendo em vista a compet\u00eancia que lhe \u00e9 conferida pela Portaria n\u00ba 2.590, de 26 de setembro de 1997 e considerando o que consta no processo n\u00ba 23075.156811\/2017-42,<\/p>\n\n\n<p><strong>RESOLVE:<\/strong><\/p>\n\n\n<p>I. Tornar sem efeito a Portaria n\u00ba 4.837\/PROGEPE, de 10 de novembro de 2017 e a Portaria n\u00ba 5.007\/PROGEPE, de 23 de novembro de 2017.<\/p><p> II. Alterar a Portaria n\u00ba 4.837\/PROGEPE, de 09 de novembro de 2017, referentes \u00e0 progress\u00e3o funcional da servidora MONICA DE CALDAS ROSA DOS ANJOS \u2013 1516029, ocupante do cargo de Professor do Magist\u00e9rio Superior, lotada no Departamento de Nutri\u00e7\u00e3o do Setor de Ci\u00eancias da Sa\u00fade para fazer constar que a progress\u00e3o \u00e9 a partir de 09 de maio de 2016 e efeitos financeiros a partir de 24 de abril de 2017 e a pr\u00f3xima progress\u00e3o ser\u00e1 a partir de 09 de maio de 2018, e n\u00e3o como constou no referido ato.<\/p><p><\/p>\n\n\n<div style=\"height:15px\" aria-hidden=\"true\" class=\"wp-block-spacer\"><\/div>\n\n\n<div class=\"wp-block-buttons is-content-justification-right is-layout-flex wp-container-core-buttons-is-layout-1 wp-block-buttons-is-layout-flex\">\n<div class=\"wp-block-button has-custom-font-size is-style-outline has-small-font-size is-style-outline--1\"><a class=\"wp-block-button__link\" href=\"https:\/\/progepe.ufpr.br\/portarias\/wp-content\/uploads\/pcp\/PROGEPE\/2017\/5178PR.pdf\" style=\"border-radius:0px\" target=\"_blank\" rel=\"noreferrer noopener\">Acesse o arquivo da portaria<\/a><\/div><\/div>\n","protected":false},"excerpt":{"rendered":"<p>I. Tornar sem efeito a Portaria n\u00ba 4.837\/PROGEPE, de 10 de novembro de 2017 e a Portaria n\u00ba 5.007\/PROGEPE, de 23 de novembro de 2017. II. Alterar a Portaria n\u00ba 4.837\/PROGEPE, de 09 de novembro de 2017, referentes \u00e0 progress\u00e3o funcional da servidora MONICA DE CALDAS ROSA DOS ANJOS \u2013 1516029, ocupante do cargo de Professor do Magist\u00e9rio Superior, lotada no Departamento de Nutri\u00e7\u00e3o do Setor de Ci\u00eancias da Sa\u00fade para fazer constar que a progress\u00e3o \u00e9 a partir de 09 de maio de 2016 e efeitos financeiros a partir de 24 de abril de 2017 e a<\/p>\n","protected":false},"author":41,"featured_media":0,"comment_status":"closed","ping_status":"open","sticky":false,"template":"","format":"standard","meta":{"_acf_changed":false,"iawp_total_views":0,"footnotes":""},"categories":[116],"tags":[143],"class_list":["post-87932","post","type-post","status-publish","format-standard","hentry","category-progepe","tag-progressao-promocao"],"acf":[],"_links":{"self":[{"href":"https:\/\/progepe.ufpr.br\/portarias\/wp-json\/wp\/v2\/posts\/87932","targetHints":{"allow":["GET"]}}],"collection":[{"href":"https:\/\/progepe.ufpr.br\/portarias\/wp-json\/wp\/v2\/posts"}],"about":[{"href":"https:\/\/progepe.ufpr.br\/portarias\/wp-json\/wp\/v2\/types\/post"}],"author":[{"embeddable":true,"href":"https:\/\/progepe.ufpr.br\/portarias\/wp-json\/wp\/v2\/users\/41"}],"replies":[{"embeddable":true,"href":"https:\/\/progepe.ufpr.br\/portarias\/wp-json\/wp\/v2\/comments?post=87932"}],"version-history":[{"count":1,"href":"https:\/\/progepe.ufpr.br\/portarias\/wp-json\/wp\/v2\/posts\/87932\/revisions"}],"predecessor-version":[{"id":142760,"href":"https:\/\/progepe.ufpr.br\/portarias\/wp-json\/wp\/v2\/posts\/87932\/revisions\/142760"}],"wp:attachment":[{"href":"https:\/\/progepe.ufpr.br\/portarias\/wp-json\/wp\/v2\/media?parent=87932"}],"wp:term":[{"taxonomy":"category","embeddable":true,"href":"https:\/\/progepe.ufpr.br\/portarias\/wp-json\/wp\/v2\/categories?post=87932"},{"taxonomy":"post_tag","embeddable":true,"href":"https:\/\/progepe.ufpr.br\/portarias\/wp-json\/wp\/v2\/tags?post=87932"}],"curies":[{"name":"wp","href":"https:\/\/api.w.org\/{rel}","templated":true}]}}