{"id":88110,"date":"2017-12-20T10:23:00","date_gmt":"2017-12-20T12:23:00","guid":{"rendered":"http:\/\/progepe.ufpr.br\/portarias\/progepe-2017-05642\/"},"modified":"2023-08-03T12:30:05","modified_gmt":"2023-08-03T15:30:05","slug":"progepe-2017-05642","status":"publish","type":"post","link":"https:\/\/progepe.ufpr.br\/portarias\/progepe-2017-05642\/","title":{"rendered":"PORTARIA N\u00ba 05642\/PROGEPE, DE 20 DE DEZEMBRO DE 2017"},"content":{"rendered":"\n<p>O Pr\u00f3-Reitor de Gest\u00e3o de Pessoas da Universidade Federal do Paran\u00e1, no uso de suas atribui\u00e7\u00f5es, tendo em vista a compet\u00eancia que lhe \u00e9 conferida pela Portaria n\u00ba 2.590, de 26 de setembro de 1997, considerando o que consta na Resolu\u00e7\u00e3o n\u00ba 10\/2014-CEPE e ainda o que consta no processo n\u00ba 23075.220209\/2017- 76,<\/p>\n\n\n<p><strong>RESOLVE:<\/strong><\/p>\n\n\n<p>I. Conceder progress\u00e3o funcional ao servidor JOAO DA SILVA DIAS \u2013 1169889, ocupante do cargo de Professor do Magist\u00e9rio Superior, lotado no Departamento de Engenharia El\u00e9trica do Setor de Tecnologia, do n\u00edvel 6-03 para o n\u00edvel 6-04 da classe C \u2013 Adjunto, conforme parecer da CPPD na avalia\u00e7\u00e3o de desempenho, a partir de 16 de junho de 2017 e efeitos financeiros a partir de 09 de novembro de 2017.<\/p><p> II. A progress\u00e3o subsequente ser\u00e1 a partir de 16 de junho de 2019.<\/p><p><\/p>\n\n\n<div style=\"height:15px\" aria-hidden=\"true\" class=\"wp-block-spacer\"><\/div>\n\n\n<div class=\"wp-block-buttons is-content-justification-right is-layout-flex wp-container-core-buttons-is-layout-1 wp-block-buttons-is-layout-flex\">\n<div class=\"wp-block-button has-custom-font-size is-style-outline has-small-font-size is-style-outline--1\"><a class=\"wp-block-button__link\" href=\"https:\/\/progepe.ufpr.br\/portarias\/wp-content\/uploads\/pcp\/PROGEPE\/2017\/5642PR.pdf\" style=\"border-radius:0px\" target=\"_blank\" rel=\"noreferrer noopener\">Acesse o arquivo da portaria<\/a><\/div><\/div>\n","protected":false},"excerpt":{"rendered":"<p>I. Conceder progress\u00e3o funcional ao servidor JOAO DA SILVA DIAS \u2013 1169889, ocupante do cargo de Professor do Magist\u00e9rio Superior, lotado no Departamento de Engenharia El\u00e9trica do Setor de Tecnologia, do n\u00edvel 6-03 para o n\u00edvel 6-04 da classe C \u2013 Adjunto, conforme parecer da CPPD na avalia\u00e7\u00e3o de desempenho, a partir de 16 de junho de 2017 e efeitos financeiros a partir de 09 de novembro de 2017. II. A progress\u00e3o subsequente ser\u00e1 a partir de 16 de junho de 2019.  {&#8220;height&#8221;:&#8221;15px&#8221;} <\/p>\n<div style=\"height:15px\" aria-hidden=\"true\" class=\"wp-block-spacer\"> <!-- \/wp:spacer  {\"layout\":{\"type\":\"flex\",\"justifyContent\":\"right\"}} \n\n<div class=\"wp-block-buttons\"><!-- wp:button {\"style\":{\"border\":{\"radius\":\"0px\"}},\"className\":\"is-style-outline\",\"fontSize\":\"small\"} \n\n<div class=\"wp-block-button \n\n","protected":false},"author":41,"featured_media":0,"comment_status":"closed","ping_status":"open","sticky":false,"template":"","format":"standard","meta":{"_acf_changed":false,"iawp_total_views":0,"footnotes":""},"categories":[116],"tags":[143],"class_list":["post-88110","post","type-post","status-publish","format-standard","hentry","category-progepe","tag-progressao-promocao"],"acf":[],"_links":{"self":[{"href":"https:\/\/progepe.ufpr.br\/portarias\/wp-json\/wp\/v2\/posts\/88110","targetHints":{"allow":["GET"]}}],"collection":[{"href":"https:\/\/progepe.ufpr.br\/portarias\/wp-json\/wp\/v2\/posts"}],"about":[{"href":"https:\/\/progepe.ufpr.br\/portarias\/wp-json\/wp\/v2\/types\/post"}],"author":[{"embeddable":true,"href":"https:\/\/progepe.ufpr.br\/portarias\/wp-json\/wp\/v2\/users\/41"}],"replies":[{"embeddable":true,"href":"https:\/\/progepe.ufpr.br\/portarias\/wp-json\/wp\/v2\/comments?post=88110"}],"version-history":[{"count":1,"href":"https:\/\/progepe.ufpr.br\/portarias\/wp-json\/wp\/v2\/posts\/88110\/revisions"}],"predecessor-version":[{"id":142938,"href":"https:\/\/progepe.ufpr.br\/portarias\/wp-json\/wp\/v2\/posts\/88110\/revisions\/142938"}],"wp:attachment":[{"href":"https:\/\/progepe.ufpr.br\/portarias\/wp-json\/wp\/v2\/media?parent=88110"}],"wp:term":[{"taxonomy":"category","embeddable":true,"href":"https:\/\/progepe.ufpr.br\/portarias\/wp-json\/wp\/v2\/categories?post=88110"},{"taxonomy":"post_tag","embeddable":true,"href":"https:\/\/progepe.ufpr.br\/portarias\/wp-json\/wp\/v2\/tags?post=88110"}],"curies":[{"name":"wp","href":"https:\/\/api.w.org\/{rel}","templated":true}]}}