{"id":8982,"date":"2019-10-03T20:00:00","date_gmt":"2019-10-03T23:00:00","guid":{"rendered":"http:\/\/progepe.ufpr.br\/portal\/?post_type=portarias&#038;p=8982"},"modified":"2023-08-03T11:03:04","modified_gmt":"2023-08-03T14:03:04","slug":"dd-2019-00529","status":"publish","type":"post","link":"https:\/\/progepe.ufpr.br\/portarias\/dd-2019-00529\/","title":{"rendered":"PORTARIA N\u00ba 00529\/DD, DE 03 DE OUTUBRO DE 2019"},"content":{"rendered":"\n<p><strong>O Diretor Disciplinar da Universidade Federal do Paran\u00e1, <\/strong>no uso de suas atribui\u00e7\u00f5es, tendo em vista a compet\u00eancia que lhe \u00e9 conferida pela Portaria n\u00ba 593\/REITORIA, de 28 de agosto de 2017, o disposto no artigo 143 da Lei n\u00ba 8.112, de 11 de dezembro de 1990, nos artigos 19, 20 e 21 da Instru\u00e7\u00e3o Normativa CGU n\u00ba 14, de 14 de novembro de 2018, e o que consta no Processo 23075.082351\/2015-47 <\/p>\n\n\n\n<p> RESOLVE:<\/p>\n\n\n\n<p>Designar os servidores ANDR\u00c9 NOZOMU SADOYAMA BARRIOS \u2014 1146481, Professor do Magist\u00e9rio Superior, lotado no Setor de Educa\u00e7\u00e3o Profissional e Tecnol\u00f3gica; e MILENA STAREPRAVO \u2014 1902038, Assistente em Administra\u00e7\u00e3o, lotada no Departamento de Direito P\u00fablico do Setor de Ci\u00eancias Jur\u00eddicas, para, sob a presid\u00eancia do primeiro, constitu\u00edrem Comiss\u00e3o de Sindic\u00e2ncia Investigativa, com vistas a dar continuidade, no prazo de 60 (sessenta) dias, aos trabalhos de apura\u00e7\u00e3o dos fatos de que trata o Processo 23075.082351\/2015-47, com aproveitamento de todos os atos praticados e provas colhidas at\u00e9 o presente momento, bem como proceder ao exame dos atos e fatos conexos que emergirem no decorrer dos trabalhos. <\/p>\n\n\n\n<p style=\"text-align:center\">MANOEL ROBERTO SILVA DE SOUZA<br>Diretor Disciplinar   <\/p>\n\n\n\n<p><\/p>\n","protected":false},"excerpt":{"rendered":"<p>O Diretor Disciplinar da Universidade Federal do Paran\u00e1, no uso de suas atribui\u00e7\u00f5es, tendo em vista a compet\u00eancia que lhe \u00e9 conferida pela Portaria n\u00ba 593\/REITORIA, de 28 de agosto de 2017, o disposto no artigo 143 da Lei n\u00ba 8.112, de 11 de dezembro de 1990, nos artigos 19, 20 e 21 da Instru\u00e7\u00e3o [&hellip;]<\/p>\n","protected":false},"author":11,"featured_media":0,"comment_status":"closed","ping_status":"closed","sticky":false,"template":"","format":"standard","meta":{"_acf_changed":false,"iawp_total_views":0,"footnotes":""},"categories":[118],"tags":[132],"class_list":["post-8982","post","type-post","status-publish","format-standard","hentry","category-dd","tag-pad-sindicancia"],"acf":[],"_links":{"self":[{"href":"https:\/\/progepe.ufpr.br\/portarias\/wp-json\/wp\/v2\/posts\/8982","targetHints":{"allow":["GET"]}}],"collection":[{"href":"https:\/\/progepe.ufpr.br\/portarias\/wp-json\/wp\/v2\/posts"}],"about":[{"href":"https:\/\/progepe.ufpr.br\/portarias\/wp-json\/wp\/v2\/types\/post"}],"author":[{"embeddable":true,"href":"https:\/\/progepe.ufpr.br\/portarias\/wp-json\/wp\/v2\/users\/11"}],"replies":[{"embeddable":true,"href":"https:\/\/progepe.ufpr.br\/portarias\/wp-json\/wp\/v2\/comments?post=8982"}],"version-history":[{"count":3,"href":"https:\/\/progepe.ufpr.br\/portarias\/wp-json\/wp\/v2\/posts\/8982\/revisions"}],"predecessor-version":[{"id":190523,"href":"https:\/\/progepe.ufpr.br\/portarias\/wp-json\/wp\/v2\/posts\/8982\/revisions\/190523"}],"wp:attachment":[{"href":"https:\/\/progepe.ufpr.br\/portarias\/wp-json\/wp\/v2\/media?parent=8982"}],"wp:term":[{"taxonomy":"category","embeddable":true,"href":"https:\/\/progepe.ufpr.br\/portarias\/wp-json\/wp\/v2\/categories?post=8982"},{"taxonomy":"post_tag","embeddable":true,"href":"https:\/\/progepe.ufpr.br\/portarias\/wp-json\/wp\/v2\/tags?post=8982"}],"curies":[{"name":"wp","href":"https:\/\/api.w.org\/{rel}","templated":true}]}}