{"id":89976,"date":"2016-06-07T05:00:00","date_gmt":"2016-06-07T08:00:00","guid":{"rendered":"http:\/\/progepe.ufpr.br\/portarias\/rt-2016-02578\/"},"modified":"2023-07-31T16:35:54","modified_gmt":"2023-07-31T19:35:54","slug":"rt-2016-02578","status":"publish","type":"post","link":"https:\/\/progepe.ufpr.br\/portarias\/rt-2016-02578\/","title":{"rendered":"PORTARIA N\u00ba 02578\/REITORIA, DE 07 DE JUNHO DE 2016"},"content":{"rendered":"\n<p>O Vice-Reitor da Universidade Federal do Paran\u00e1, no exerc\u00edcio do cargo de Reitor, no uso de suas atribui\u00e7\u00f5es e tendo em vista o que consta no processo n\u00ba 016220\/2013-18,<\/p>\n\n\n<p><strong>RESOLVE:<\/strong><\/p>\n\n\n<p>I. Designar para compor a Comiss\u00e3o de Gest\u00e3o Patrimonial da Universidade Federal do Paran\u00e1, os seguintes membros: Presidente: ROBERTO CERVI &#8211; 201374 Membros: ANTONIO RODRIGUES BARROS &#8211; 187860 DALTIVA GON\u00c7ALVES &#8211; 081450 DAGOBERTO LUIZ KOUTTON &#8211; 200597 DENISE MARIA MANSANI WOLFF DOS SANTOS &#8211; 088196 DENISE REGINA ZANATTA COSTA &#8211; 200567 JANE DO ROCIO KIATKOSKI SCHUNEMANN &#8211; 123366 JOANA D ARC DE OLIVEIRA &#8211; 204706 DANIELA MARIA ROSARIO MARQUES &#8211; 203471 SONIA MARIA DA SILVA ROCHA &#8211; 082953 II. Esta Portaria cessa os efeitos das Portarias n\u00ba 2.038\/REITOR, de 30 de setembro de 2015; e, n\u00ba 2.161\/REITOR, de 30 de novembro de 2015.<\/p>\n\n\n<div style=\"height:15px\" aria-hidden=\"true\" class=\"wp-block-spacer\"><\/div>\n\n\n<div class=\"wp-block-buttons is-content-justification-right is-layout-flex wp-container-core-buttons-is-layout-1 wp-block-buttons-is-layout-flex\">\n<div class=\"wp-block-button has-custom-font-size is-style-outline has-small-font-size is-style-outline--1\"><a class=\"wp-block-button__link\" href=\"https:\/\/progepe.ufpr.br\/portarias\/wp-content\/uploads\/pcp\/RT\/2016\/2578R.pdf\" style=\"border-radius:0px\" target=\"_blank\" rel=\"noreferrer noopener\">Acesse o arquivo da portaria<\/a><\/div><\/div>\n","protected":false},"excerpt":{"rendered":"<p>I. Designar para compor a Comiss\u00e3o de Gest\u00e3o Patrimonial da Universidade Federal do Paran\u00e1, os seguintes membros: Presidente: ROBERTO CERVI &#8211; 201374 Membros: ANTONIO RODRIGUES BARROS &#8211; 187860 DALTIVA GON\u00c7ALVES &#8211; 081450 DAGOBERTO LUIZ KOUTTON &#8211; 200597 DENISE MARIA MANSANI WOLFF DOS SANTOS &#8211; 088196 DENISE REGINA ZANATTA COSTA &#8211; 200567 JANE DO ROCIO KIATKOSKI SCHUNEMANN &#8211; 123366 JOANA D ARC DE OLIVEIRA &#8211; 204706 DANIELA MARIA ROSARIO MARQUES &#8211; 203471 SONIA MARIA DA SILVA ROCHA &#8211; 082953 II. Esta Portaria cessa os efeitos das Portarias n\u00ba 2.038\/REITOR, de 30 de setembro de 2015; e, n\u00ba 2.161\/REITOR, de<\/p>\n","protected":false},"author":41,"featured_media":0,"comment_status":"closed","ping_status":"open","sticky":false,"template":"wp-custom-template-emissao-entre-01-05-2004-ate-30-06-2017","format":"standard","meta":{"_acf_changed":false,"iawp_total_views":1,"footnotes":""},"categories":[117],"tags":[124],"class_list":["post-89976","post","type-post","status-publish","format-standard","hentry","category-rt","tag-comissao"],"acf":[],"_links":{"self":[{"href":"https:\/\/progepe.ufpr.br\/portarias\/wp-json\/wp\/v2\/posts\/89976","targetHints":{"allow":["GET"]}}],"collection":[{"href":"https:\/\/progepe.ufpr.br\/portarias\/wp-json\/wp\/v2\/posts"}],"about":[{"href":"https:\/\/progepe.ufpr.br\/portarias\/wp-json\/wp\/v2\/types\/post"}],"author":[{"embeddable":true,"href":"https:\/\/progepe.ufpr.br\/portarias\/wp-json\/wp\/v2\/users\/41"}],"replies":[{"embeddable":true,"href":"https:\/\/progepe.ufpr.br\/portarias\/wp-json\/wp\/v2\/comments?post=89976"}],"version-history":[{"count":1,"href":"https:\/\/progepe.ufpr.br\/portarias\/wp-json\/wp\/v2\/posts\/89976\/revisions"}],"predecessor-version":[{"id":143921,"href":"https:\/\/progepe.ufpr.br\/portarias\/wp-json\/wp\/v2\/posts\/89976\/revisions\/143921"}],"wp:attachment":[{"href":"https:\/\/progepe.ufpr.br\/portarias\/wp-json\/wp\/v2\/media?parent=89976"}],"wp:term":[{"taxonomy":"category","embeddable":true,"href":"https:\/\/progepe.ufpr.br\/portarias\/wp-json\/wp\/v2\/categories?post=89976"},{"taxonomy":"post_tag","embeddable":true,"href":"https:\/\/progepe.ufpr.br\/portarias\/wp-json\/wp\/v2\/tags?post=89976"}],"curies":[{"name":"wp","href":"https:\/\/api.w.org\/{rel}","templated":true}]}}