{"id":89999,"date":"2016-10-06T05:00:00","date_gmt":"2016-10-06T08:00:00","guid":{"rendered":"http:\/\/progepe.ufpr.br\/portarias\/rt-2016-02771\/"},"modified":"2024-09-17T13:25:09","modified_gmt":"2024-09-17T16:25:09","slug":"rt-2016-02771","status":"publish","type":"post","link":"https:\/\/progepe.ufpr.br\/portarias\/rt-2016-02771\/","title":{"rendered":"PORTARIA N\u00ba 02771\/REITORIA, DE 06 DE OUTUBRO DE 2016"},"content":{"rendered":"\n<p style=\"padding-left:43%\">O Reitor da Universidade Federal do Paran\u00e1, no uso de suas atribui\u00e7\u00f5es e tendo em vista o que consta no processo n\u00ba 158506\/2016-12,<\/p>\n\n\n\n<p style=\"padding-left:43%\"><strong>RESOLVE:<\/strong><\/p>\n\n\n\n<p>I. Designar, a partir de 04 de outubro de 2016, para comporem a Comiss\u00e3o de \u00c9tica da Universidade Federal do Paran\u00e1, os seguintes membros:<\/p>\n\n\n\n<figure class=\"wp-block-table aligncenter has-small-font-size\"><table><tbody><tr><td class=\"has-text-align-right\" data-align=\"right\"><strong>Presidente:<\/strong><\/td><td>CHRISTEL LINGNAU &#8211; 154750<\/td><td>(3 anos)<\/td><\/tr><tr><td class=\"has-text-align-right\" data-align=\"right\"><strong>Titulares:<\/strong><\/td><td>CIRLENE DE OLIVEIRA POMBO SCHULTZ &#8211; 148407<br>PATRIZIA JU\u00c7ARA FERRI PANCOTTO &#8211; 200639<\/td><td>(2 anos)<br>(2 anos)<\/td><\/tr><tr><td class=\"has-text-align-right\" data-align=\"right\"><strong>Suplentes:<\/strong><\/td><td>MELINA GIRARDI FACHIN &#8211; 203273<br>ELINEIA DO ROCIO PUGSLEY FROHLICH &#8211; 082465<br>LUIS AUGUSTO KOENIG VEIGA &#8211; 158224<\/td><td>(2 anos)<br>(3 anos)<br>(3 anos)<\/td><\/tr><tr><td class=\"has-text-align-right\" data-align=\"right\"><strong>Secret\u00e1ria:<\/strong><\/td><td>LAIS ALVES MAGALH\u00c3ES &#8211; 205314<\/td><td>(3 anos)<\/td><\/tr><\/tbody><\/table><\/figure>\n\n\n\n<div style=\"height:1em\" aria-hidden=\"true\" class=\"wp-block-spacer\"><\/div>\n\n\n\n<p>II. Esta Portaria cessa, a partir de 04 de outubro de 2016, os efeitos da <a href=\"https:\/\/progepe.ufpr.br\/portarias\/rt-2015-02156\/\" data-type=\"post\" data-id=\"97448\">Portaria n\u00ba 2.156\/REITOR, de 26 de novembro de 2015<\/a>.<\/p>\n","protected":false},"excerpt":{"rendered":"<p>I. Designar, a partir de 04 de outubro de 2016, para comporem a Comiss\u00e3o de \u00c9tica da Universidade Federal do Paran\u00e1, os seguintes membros:  <!-- wp:table {\"align\":\"center\",\"fontSize\":\"small\"} \n\n<figure class=\"wp-block-table aligncenter has-small-font-size\">\n\n<table>\n\n<tbody>\n\n<tr>\n\n<td class=\"has-text-align-right\" data-align=\"right\"><strong>Presidente:<\/strong><\/td>\n\n\n\n<td>CHRISTEL LINGNAU - 154750<\/td>\n\n\n\n<td>(3 anos)<\/td>\n\n<\/tr>\n\n\n\n<tr>\n\n<td class=\"has-text-align-right\" data-align=\"right\"><strong>Titulares:<\/strong><\/td>\n\n\n\n<td>CIRLENE DE OLIVEIRA POMBO SCHULTZ - 148407<br \/>PATRIZIA JU\u00c7ARA FERRI PANCOTTO - 200639<\/td>\n\n\n\n<td>(2 anos)<br \/>(2 anos)<\/td>\n\n<\/tr>\n\n\n\n<tr>\n\n<td class=\"has-text-align-right\" data-align=\"right\"><strong>Suplentes:<\/strong><\/td>\n\n\n\n<td>MELINA GIRARDI FACHIN - 203273<br \/>ELINEIA DO ROCIO PUGSLEY FROHLICH - 082465<br \/>LUIS AUGUSTO KOENIG VEIGA - 158224<\/td>\n\n\n\n<td>(2 anos)<br \/>(3 anos)<br \/>(3 anos)<\/td>\n\n<\/tr>\n\n\n\n<tr>\n\n<td class=\"has-text-align-right\" data-align=\"right\"><strong>Secret\u00e1ria:<\/strong><\/td>\n\n\n\n<td>LAIS ALVES MAGALH\u00c3\n<\/p>\n","protected":false},"author":41,"featured_media":0,"comment_status":"closed","ping_status":"open","sticky":false,"template":"","format":"standard","meta":{"_acf_changed":false,"iawp_total_views":2,"footnotes":""},"categories":[117],"tags":[124],"class_list":["post-89999","post","type-post","status-publish","format-standard","hentry","category-rt","tag-comissao"],"acf":[],"_links":{"self":[{"href":"https:\/\/progepe.ufpr.br\/portarias\/wp-json\/wp\/v2\/posts\/89999","targetHints":{"allow":["GET"]}}],"collection":[{"href":"https:\/\/progepe.ufpr.br\/portarias\/wp-json\/wp\/v2\/posts"}],"about":[{"href":"https:\/\/progepe.ufpr.br\/portarias\/wp-json\/wp\/v2\/types\/post"}],"author":[{"embeddable":true,"href":"https:\/\/progepe.ufpr.br\/portarias\/wp-json\/wp\/v2\/users\/41"}],"replies":[{"embeddable":true,"href":"https:\/\/progepe.ufpr.br\/portarias\/wp-json\/wp\/v2\/comments?post=89999"}],"version-history":[{"count":2,"href":"https:\/\/progepe.ufpr.br\/portarias\/wp-json\/wp\/v2\/posts\/89999\/revisions"}],"predecessor-version":[{"id":257340,"href":"https:\/\/progepe.ufpr.br\/portarias\/wp-json\/wp\/v2\/posts\/89999\/revisions\/257340"}],"wp:attachment":[{"href":"https:\/\/progepe.ufpr.br\/portarias\/wp-json\/wp\/v2\/media?parent=89999"}],"wp:term":[{"taxonomy":"category","embeddable":true,"href":"https:\/\/progepe.ufpr.br\/portarias\/wp-json\/wp\/v2\/categories?post=89999"},{"taxonomy":"post_tag","embeddable":true,"href":"https:\/\/progepe.ufpr.br\/portarias\/wp-json\/wp\/v2\/tags?post=89999"}],"curies":[{"name":"wp","href":"https:\/\/api.w.org\/{rel}","templated":true}]}}