{"id":90033,"date":"2016-02-23T05:03:00","date_gmt":"2016-02-23T08:03:00","guid":{"rendered":"http:\/\/progepe.ufpr.br\/portarias\/rt-2016-02335\/"},"modified":"2023-08-03T13:10:39","modified_gmt":"2023-08-03T16:10:39","slug":"rt-2016-02335","status":"publish","type":"post","link":"https:\/\/progepe.ufpr.br\/portarias\/rt-2016-02335\/","title":{"rendered":"PORTARIA N\u00ba 02335\/REITORIA, DE 23 DE FEVEREIRO DE 2016"},"content":{"rendered":"\n<p>O Reitor da Universidade Federal do Paran\u00e1,  no uso de suas atribui\u00e7\u00f5es, tendo em vista o que consta no artigo 50, \u00a7 1\u00ba do Estatuto desta Universidade e o que consta no processo n\u00ba 116431\/2016-94,<\/p>\n\n\n<p><strong>RESOLVE:<\/strong><\/p>\n\n\n<p>I.  Exonerar,  a  pedido,  partir  de  02  de  fevereiro  de  2016,  a servidora LIDIA BEATRIZ SELMO DE FOTI &#8211; 202334, da fun\u00e7\u00e3o de Vice-Coordenadora do  Curso  Superior  de  Tecnologia  em  Secretariado  Executivo  do  Setor  de  Educa\u00e7\u00e3o Profissional e Tecnol\u00f3gica. II.  Designar,  com  efeitos  financeiros  a  partir  da  data  de publica\u00e7\u00e3o em DOU desta Portaria,  a  servidora LIDIA BEATRIZ SELMO DE FOTI &#8211; 202334, ocupante do cargo de Professora, no regime de trabalho de dedica\u00e7\u00e3o exclusiva, para exercer, de acordo com o Art. 2\u00ba, II combinado com o Art. 4\u00ba da Resolu\u00e7\u00e3o n\u00ba 04\/95 \u2013 COUN,  a  fun\u00e7\u00e3o  de  Coordenadora  do  Curso  Superior  de  Tecnologia  em  Secretariado Executivo do Setor de Educa\u00e7\u00e3o Profissional e Tecnol\u00f3gica, FCC \u2013 Fun\u00e7\u00e3o Comissionada de Coordena\u00e7\u00e3o de Curso, autorizada pela Lei n\u00ba 12.677, de 25 de junho de 2012, publicada no DOU de 26.06.2012 e Portaria\/MEC n\u00ba 1.172, de 17 de setembro de 2012. III. A mencionada docente atuar\u00e1 nesta fun\u00e7\u00e3o no per\u00edodo de 02  de  fevereiro  de  2016  at\u00e9  a  nomea\u00e7\u00e3o  dos  novos  eleitos,  e  dever\u00e1  cumprir, obrigatoriamente, o regime de trabalho de tempo integral, de acordo com o disposto no \u00a7 5\u00ba, artigo 1\u00ba da Lei n\u00ba 8.168\/91.<\/p>\n\n\n<div style=\"height:15px\" aria-hidden=\"true\" class=\"wp-block-spacer\"><\/div>\n\n\n<div class=\"wp-block-buttons is-content-justification-right is-layout-flex wp-container-core-buttons-is-layout-1 wp-block-buttons-is-layout-flex\">\n<div class=\"wp-block-button has-custom-font-size is-style-outline has-small-font-size is-style-outline--1\"><a class=\"wp-block-button__link\" href=\"https:\/\/progepe.ufpr.br\/portarias\/wp-content\/uploads\/pcp\/RT\/2016\/2335R.pdf\" style=\"border-radius:0px\" target=\"_blank\" rel=\"noreferrer noopener\">Acesse o arquivo da portaria<\/a><\/div><\/div>\n","protected":false},"excerpt":{"rendered":"<p>I. Exonerar, a pedido, partir de 02 de fevereiro de 2016, a servidora LIDIA BEATRIZ SELMO DE FOTI &#8211; 202334, da fun\u00e7\u00e3o de Vice-Coordenadora do Curso Superior de Tecnologia em Secretariado Executivo do Setor de Educa\u00e7\u00e3o Profissional e Tecnol\u00f3gica. II. Designar, com efeitos financeiros a partir da data de publica\u00e7\u00e3o em DOU desta Portaria, a servidora LIDIA BEATRIZ SELMO DE FOTI &#8211; 202334, ocupante do cargo de Professora, no regime de trabalho de dedica\u00e7\u00e3o exclusiva, para exercer, de acordo com o Art. 2\u00ba, II combinado com o Art. 4\u00ba da Resolu\u00e7\u00e3o n\u00ba 04\/95 \u2013 COUN, a fun\u00e7\u00e3o de<\/p>\n","protected":false},"author":41,"featured_media":0,"comment_status":"closed","ping_status":"open","sticky":false,"template":"wp-custom-template-emissao-entre-01-05-2004-ate-30-06-2017","format":"standard","meta":{"_acf_changed":false,"iawp_total_views":1,"footnotes":""},"categories":[117],"tags":[243],"class_list":["post-90033","post","type-post","status-publish","format-standard","hentry","category-rt","tag-coordenador-vice"],"acf":[],"_links":{"self":[{"href":"https:\/\/progepe.ufpr.br\/portarias\/wp-json\/wp\/v2\/posts\/90033","targetHints":{"allow":["GET"]}}],"collection":[{"href":"https:\/\/progepe.ufpr.br\/portarias\/wp-json\/wp\/v2\/posts"}],"about":[{"href":"https:\/\/progepe.ufpr.br\/portarias\/wp-json\/wp\/v2\/types\/post"}],"author":[{"embeddable":true,"href":"https:\/\/progepe.ufpr.br\/portarias\/wp-json\/wp\/v2\/users\/41"}],"replies":[{"embeddable":true,"href":"https:\/\/progepe.ufpr.br\/portarias\/wp-json\/wp\/v2\/comments?post=90033"}],"version-history":[{"count":1,"href":"https:\/\/progepe.ufpr.br\/portarias\/wp-json\/wp\/v2\/posts\/90033\/revisions"}],"predecessor-version":[{"id":143978,"href":"https:\/\/progepe.ufpr.br\/portarias\/wp-json\/wp\/v2\/posts\/90033\/revisions\/143978"}],"wp:attachment":[{"href":"https:\/\/progepe.ufpr.br\/portarias\/wp-json\/wp\/v2\/media?parent=90033"}],"wp:term":[{"taxonomy":"category","embeddable":true,"href":"https:\/\/progepe.ufpr.br\/portarias\/wp-json\/wp\/v2\/categories?post=90033"},{"taxonomy":"post_tag","embeddable":true,"href":"https:\/\/progepe.ufpr.br\/portarias\/wp-json\/wp\/v2\/tags?post=90033"}],"curies":[{"name":"wp","href":"https:\/\/api.w.org\/{rel}","templated":true}]}}