{"id":90067,"date":"2016-04-04T05:00:00","date_gmt":"2016-04-04T08:00:00","guid":{"rendered":"http:\/\/progepe.ufpr.br\/portarias\/rt-2016-02433\/"},"modified":"2023-07-31T16:36:01","modified_gmt":"2023-07-31T19:36:01","slug":"rt-2016-02433","status":"publish","type":"post","link":"https:\/\/progepe.ufpr.br\/portarias\/rt-2016-02433\/","title":{"rendered":"PORTARIA N\u00ba 02433\/REITORIA, DE 04 DE ABRIL DE 2016"},"content":{"rendered":"\n<p>O Reitor da Universidade Federal do Paran\u00e1,  no uso de suas atribui\u00e7\u00f5es, tendo em vista o que consta no artigo 50, \u00a7 1\u00ba do Estatuto desta Universidade e o que consta no processo n\u00ba 124116\/2016-31,<\/p>\n\n\n<p><strong>RESOLVE:<\/strong><\/p>\n\n\n<p>I. Exonerar, partir de 17 de mar\u00e7o de 2016, a servidora MARIA RITA DE ASSIS CESAR &#8211; 159085, da fun\u00e7\u00e3o de Vice-Coordenadora do Programa de P\u00f3s- Gradua\u00e7\u00e3o em Educa\u00e7\u00e3o do Setor de Educa\u00e7\u00e3o. II. Designar, com efeitos financeiros a partir da data de publica\u00e7\u00e3o em DOU desta Portaria, a servidora MARIA RITA DE ASSIS CESAR &#8211; 159085, ocupante do cargo de Professora, no regime de trabalho de dedica\u00e7\u00e3o exclusiva, para exercer, de acordo com o  Art.  2\u00ba,  II  combinado  com  o  Art.  4\u00ba  da  Resolu\u00e7\u00e3o  n\u00ba  04\/95  \u2013  COUN,  a  fun\u00e7\u00e3o  de Coordenadora do Programa de P\u00f3s-Gradua\u00e7\u00e3o em Educa\u00e7\u00e3o do Setor  de Educa\u00e7\u00e3o,  FCC \u2013 Fun\u00e7\u00e3o Comissionada de Coordena\u00e7\u00e3o de Curso, autorizada pela Lei n\u00ba 12.677, de 25 de junho de 2012, publicada no DOU de 26.06.2012 e Portaria\/MEC n\u00ba 1.172, de 17 de setembro de 2012. III. A mencionada docente atuar\u00e1 nesta fun\u00e7\u00e3o no per\u00edodo de 17 de mar\u00e7o  de  2016  \u00e0  13  de  janeiro  de  2017,  t\u00e9rmino  do  mandato,  e  dever\u00e1  cumprir, obrigatoriamente, o regime de trabalho de tempo integral, de acordo com o disposto no \u00a7 5\u00ba, artigo 1\u00ba da Lei n\u00ba 8.168\/91.<\/p>\n\n\n<div style=\"height:15px\" aria-hidden=\"true\" class=\"wp-block-spacer\"><\/div>\n\n\n<div class=\"wp-block-buttons is-content-justification-right is-layout-flex wp-container-core-buttons-is-layout-1 wp-block-buttons-is-layout-flex\">\n<div class=\"wp-block-button has-custom-font-size is-style-outline has-small-font-size is-style-outline--1\"><a class=\"wp-block-button__link\" href=\"https:\/\/progepe.ufpr.br\/portarias\/wp-content\/uploads\/pcp\/RT\/2016\/2433R.pdf\" style=\"border-radius:0px\" target=\"_blank\" rel=\"noreferrer noopener\">Acesse o arquivo da portaria<\/a><\/div><\/div>\n","protected":false},"excerpt":{"rendered":"<p>I. Exonerar, partir de 17 de mar\u00e7o de 2016, a servidora MARIA RITA DE ASSIS CESAR &#8211; 159085, da fun\u00e7\u00e3o de Vice-Coordenadora do Programa de P\u00f3s- Gradua\u00e7\u00e3o em Educa\u00e7\u00e3o do Setor de Educa\u00e7\u00e3o. II. Designar, com efeitos financeiros a partir da data de publica\u00e7\u00e3o em DOU desta Portaria, a servidora MARIA RITA DE ASSIS CESAR &#8211; 159085, ocupante do cargo de Professora, no regime de trabalho de dedica\u00e7\u00e3o exclusiva, para exercer, de acordo com o Art. 2\u00ba, II combinado com o Art. 4\u00ba da Resolu\u00e7\u00e3o n\u00ba 04\/95 \u2013 COUN, a fun\u00e7\u00e3o de Coordenadora do Programa de P\u00f3s-Gradua\u00e7\u00e3o em<\/p>\n","protected":false},"author":41,"featured_media":0,"comment_status":"closed","ping_status":"open","sticky":false,"template":"wp-custom-template-emissao-entre-01-05-2004-ate-30-06-2017","format":"standard","meta":{"_acf_changed":false,"iawp_total_views":0,"footnotes":""},"categories":[117],"tags":[243],"class_list":["post-90067","post","type-post","status-publish","format-standard","hentry","category-rt","tag-coordenador-vice"],"acf":[],"_links":{"self":[{"href":"https:\/\/progepe.ufpr.br\/portarias\/wp-json\/wp\/v2\/posts\/90067","targetHints":{"allow":["GET"]}}],"collection":[{"href":"https:\/\/progepe.ufpr.br\/portarias\/wp-json\/wp\/v2\/posts"}],"about":[{"href":"https:\/\/progepe.ufpr.br\/portarias\/wp-json\/wp\/v2\/types\/post"}],"author":[{"embeddable":true,"href":"https:\/\/progepe.ufpr.br\/portarias\/wp-json\/wp\/v2\/users\/41"}],"replies":[{"embeddable":true,"href":"https:\/\/progepe.ufpr.br\/portarias\/wp-json\/wp\/v2\/comments?post=90067"}],"version-history":[{"count":1,"href":"https:\/\/progepe.ufpr.br\/portarias\/wp-json\/wp\/v2\/posts\/90067\/revisions"}],"predecessor-version":[{"id":144012,"href":"https:\/\/progepe.ufpr.br\/portarias\/wp-json\/wp\/v2\/posts\/90067\/revisions\/144012"}],"wp:attachment":[{"href":"https:\/\/progepe.ufpr.br\/portarias\/wp-json\/wp\/v2\/media?parent=90067"}],"wp:term":[{"taxonomy":"category","embeddable":true,"href":"https:\/\/progepe.ufpr.br\/portarias\/wp-json\/wp\/v2\/categories?post=90067"},{"taxonomy":"post_tag","embeddable":true,"href":"https:\/\/progepe.ufpr.br\/portarias\/wp-json\/wp\/v2\/tags?post=90067"}],"curies":[{"name":"wp","href":"https:\/\/api.w.org\/{rel}","templated":true}]}}