{"id":9024,"date":"2019-10-07T20:00:00","date_gmt":"2019-10-07T23:00:00","guid":{"rendered":"http:\/\/progepe.ufpr.br\/portal\/?post_type=portarias&#038;p=9024"},"modified":"2023-08-03T11:03:05","modified_gmt":"2023-08-03T14:03:05","slug":"dd-2019-00534","status":"publish","type":"post","link":"https:\/\/progepe.ufpr.br\/portarias\/dd-2019-00534\/","title":{"rendered":"PORTARIA N\u00ba 00534\/DD, DE 07 DE OUTUBRO DE 2019"},"content":{"rendered":"\n<p><strong>O Diretor Disciplinar da Universidade Federal do Paran\u00e1, <\/strong>no uso de suas atribui\u00e7\u00f5es, tendo em vista a compet\u00eancia que lhe \u00e9 conferida pela Portaria n\u00ba 593\/REITORIA, de 28 de agosto de 2017, o disposto nos artigos 191 e 192 do Regimento Geral da Universidade Federal do Paran\u00e1, e o que consta no Processo 23075.072162\/2018-17,<\/p>\n\n\n\n<p>RESOLVE:<\/p>\n\n\n\n<p>Designar o servidor JOS\u00c9 SIM\u00c3O DE PAULA PINTO \u2014 2314976, Professor do Magist\u00e9rio Superior, lotado no Departamento de Ci\u00eancia e Gest\u00e3o da Informa\u00e7\u00e3o do Setor de Ci\u00eancias Sociais Aplicadas; a servidora LETICIA ZIMERMANN PIRES \u2014 3069973, T\u00e9cnica de Laborat\u00f3rio, lotada no Departamento de Engenharia e Tecnologias Florestais do Setor de Ci\u00eancias Agr\u00e1rias; e a estudante TUANY BARON DE VARGAS, estudante do Curso de Mestrado do Programa de P\u00f3s-Gradua\u00e7\u00e3o em Direito do Setor de Ci\u00eancias Jur\u00eddicas para, sob a presid\u00eancia do primeiro, constitu\u00edrem Comiss\u00e3o Disciplinar, com vistas a dar continuidade, no prazo de 30 (trinta) dias, aos trabalhos de apura\u00e7\u00e3o dos fatos de que trata o Processo 23075.072162\/2018-17, com aproveitamento de todos os atos praticados e provas colhidas at\u00e9 o presente momento, bem como proceder ao exame dos atos e fatos conexos que emergirem no decorrer dos trabalhos.<\/p>\n\n\n\n<p style=\"text-align:center\">MANOEL ROBERTO SILVA DE SOUZA<br>Diretor Disciplinar<\/p>\n","protected":false},"excerpt":{"rendered":"<p>Designar o servidor JOS\u00c9 SIM\u00c3O DE PAULA PINTO \u2014 2314976, Professor do Magist\u00e9rio Superior, lotado no Departamento de Ci\u00eancia e Gest\u00e3o da Informa\u00e7\u00e3o do Setor de Ci\u00eancias Sociais Aplicadas; a servidora LETICIA ZIMERMANN PIRES \u2014 3069973, T\u00e9cnica de Laborat\u00f3rio, lotada no Departamento de Engenharia e Tecnologias Florestais do Setor de Ci\u00eancias Agr\u00e1rias; e a estudante TUANY BARON DE VARGAS, estudante do Curso de Mestrado do Programa de P\u00f3s-Gradua\u00e7\u00e3o em Direito do Setor de Ci\u00eancias Jur\u00eddicas para, sob a presid\u00eancia do primeiro, constitu\u00edrem Comiss\u00e3o Disciplinar, com vistas a dar continuidade, no prazo de 30 (trinta) dias, aos trabalhos de<\/p>\n","protected":false},"author":11,"featured_media":0,"comment_status":"closed","ping_status":"closed","sticky":false,"template":"","format":"standard","meta":{"_acf_changed":false,"iawp_total_views":0,"footnotes":""},"categories":[118],"tags":[132],"class_list":["post-9024","post","type-post","status-publish","format-standard","hentry","category-dd","tag-pad-sindicancia"],"acf":[],"_links":{"self":[{"href":"https:\/\/progepe.ufpr.br\/portarias\/wp-json\/wp\/v2\/posts\/9024","targetHints":{"allow":["GET"]}}],"collection":[{"href":"https:\/\/progepe.ufpr.br\/portarias\/wp-json\/wp\/v2\/posts"}],"about":[{"href":"https:\/\/progepe.ufpr.br\/portarias\/wp-json\/wp\/v2\/types\/post"}],"author":[{"embeddable":true,"href":"https:\/\/progepe.ufpr.br\/portarias\/wp-json\/wp\/v2\/users\/11"}],"replies":[{"embeddable":true,"href":"https:\/\/progepe.ufpr.br\/portarias\/wp-json\/wp\/v2\/comments?post=9024"}],"version-history":[{"count":3,"href":"https:\/\/progepe.ufpr.br\/portarias\/wp-json\/wp\/v2\/posts\/9024\/revisions"}],"predecessor-version":[{"id":190528,"href":"https:\/\/progepe.ufpr.br\/portarias\/wp-json\/wp\/v2\/posts\/9024\/revisions\/190528"}],"wp:attachment":[{"href":"https:\/\/progepe.ufpr.br\/portarias\/wp-json\/wp\/v2\/media?parent=9024"}],"wp:term":[{"taxonomy":"category","embeddable":true,"href":"https:\/\/progepe.ufpr.br\/portarias\/wp-json\/wp\/v2\/categories?post=9024"},{"taxonomy":"post_tag","embeddable":true,"href":"https:\/\/progepe.ufpr.br\/portarias\/wp-json\/wp\/v2\/tags?post=9024"}],"curies":[{"name":"wp","href":"https:\/\/api.w.org\/{rel}","templated":true}]}}