{"id":90306,"date":"2016-04-04T05:01:00","date_gmt":"2016-04-04T08:01:00","guid":{"rendered":"http:\/\/progepe.ufpr.br\/portarias\/rt-2016-02434\/"},"modified":"2023-08-03T13:10:48","modified_gmt":"2023-08-03T16:10:48","slug":"rt-2016-02434","status":"publish","type":"post","link":"https:\/\/progepe.ufpr.br\/portarias\/rt-2016-02434\/","title":{"rendered":"PORTARIA N\u00ba 02434\/REITORIA, DE 04 DE ABRIL DE 2016"},"content":{"rendered":"\n<p style=\"padding-left:43%\">O Reitor da Universidade Federal do Paran\u00e1, no uso de suas atribui\u00e7\u00f5es e tendo em vista o que consta no processo n\u00ba 046272\/2014-91,<\/p>\n\n\n\n<p style=\"padding-left:43%\"><strong>RESOLVE:<\/strong><\/p>\n\n\n\n<p>Alterar a Portaria n\u00ba 2131\/REITOR, de 25 de maio de 2012, publicada no Di\u00e1rio Oficial da Uni\u00e3o n\u00ba 103, de 29 de maio de 2012, se\u00e7\u00e3o 2, p\u00e1g. 20, referente \u00e0 nomea\u00e7\u00e3o em cargo de dire\u00e7\u00e3o do servidor DOUGLAS ORTIZ HAMERMULLER &#8211; 191981, para fazer constar que, a partir de 10 de mar\u00e7o de 2016, o referido cargo passa a denominar-se Coordenador Acad\u00eamico do Setor Litoral.<\/p>\n","protected":false},"excerpt":{"rendered":"<p>Alterar a Portaria n\u00ba 2131\/REITOR, de 25 de maio de 2012, publicada no Di\u00e1rio Oficial da Uni\u00e3o n\u00ba 103, de 29 de maio de 2012, se\u00e7\u00e3o 2, p\u00e1g. 20, referente \u00e0 nomea\u00e7\u00e3o em cargo de dire\u00e7\u00e3o do servidor DOUGLAS ORTIZ HAMERMULLER &#8211; 191981, para fazer constar que, a partir de 10 de mar\u00e7o de 2016, o referido cargo passa a denominar-se Coordenador Acad\u00eamico do Setor Litoral.<\/p>\n","protected":false},"author":41,"featured_media":0,"comment_status":"closed","ping_status":"open","sticky":false,"template":"","format":"standard","meta":{"_acf_changed":false,"iawp_total_views":0,"footnotes":""},"categories":[117],"tags":[120],"class_list":["post-90306","post","type-post","status-publish","format-standard","hentry","category-rt","tag-funcao"],"acf":[],"_links":{"self":[{"href":"https:\/\/progepe.ufpr.br\/portarias\/wp-json\/wp\/v2\/posts\/90306","targetHints":{"allow":["GET"]}}],"collection":[{"href":"https:\/\/progepe.ufpr.br\/portarias\/wp-json\/wp\/v2\/posts"}],"about":[{"href":"https:\/\/progepe.ufpr.br\/portarias\/wp-json\/wp\/v2\/types\/post"}],"author":[{"embeddable":true,"href":"https:\/\/progepe.ufpr.br\/portarias\/wp-json\/wp\/v2\/users\/41"}],"replies":[{"embeddable":true,"href":"https:\/\/progepe.ufpr.br\/portarias\/wp-json\/wp\/v2\/comments?post=90306"}],"version-history":[{"count":3,"href":"https:\/\/progepe.ufpr.br\/portarias\/wp-json\/wp\/v2\/posts\/90306\/revisions"}],"predecessor-version":[{"id":179318,"href":"https:\/\/progepe.ufpr.br\/portarias\/wp-json\/wp\/v2\/posts\/90306\/revisions\/179318"}],"wp:attachment":[{"href":"https:\/\/progepe.ufpr.br\/portarias\/wp-json\/wp\/v2\/media?parent=90306"}],"wp:term":[{"taxonomy":"category","embeddable":true,"href":"https:\/\/progepe.ufpr.br\/portarias\/wp-json\/wp\/v2\/categories?post=90306"},{"taxonomy":"post_tag","embeddable":true,"href":"https:\/\/progepe.ufpr.br\/portarias\/wp-json\/wp\/v2\/tags?post=90306"}],"curies":[{"name":"wp","href":"https:\/\/api.w.org\/{rel}","templated":true}]}}