{"id":90315,"date":"2016-08-31T05:04:00","date_gmt":"2016-08-31T08:04:00","guid":{"rendered":"http:\/\/progepe.ufpr.br\/portarias\/rt-2016-02722\/"},"modified":"2024-09-30T11:29:41","modified_gmt":"2024-09-30T14:29:41","slug":"rt-2016-02722","status":"publish","type":"post","link":"https:\/\/progepe.ufpr.br\/portarias\/rt-2016-02722\/","title":{"rendered":"PORTARIA N\u00ba 02722\/REITORIA, DE 31 DE AGOSTO DE 2016"},"content":{"rendered":"\n<p style=\"padding-left:43%\">O Reitor da Universidade Federal do Paran\u00e1, no uso de suas atribui\u00e7\u00f5es e tendo em vista o que consta no processo n\u00ba 153703\/2016-37,<\/p>\n\n\n\n<p style=\"padding-left:43%\"><strong>RESOLVE:<\/strong><\/p>\n\n\n\n<p>Alterar a <a href=\"https:\/\/progepe.ufpr.br\/portarias\/rt-2015-01739\/\" data-type=\"post\" data-id=\"97879\">Portaria n\u00ba 1739\/REITOR, de 06 de maio de 2015<\/a>, publicada no Di\u00e1rio Oficial da Uni\u00e3o n\u00ba 85, de 07 de maio de 2015, se\u00e7\u00e3o 2, p\u00e1g. 35, referente \u00e0 nomea\u00e7\u00e3o em cargo de dire\u00e7\u00e3o da servidora ANA MARIA GUIMAR\u00c3ES DA CRUZ &#8211; 163783, para fazer constar que, a partir de 26 de agosto de 2016, o referido cargo passa a denominar-se Coordenador de Controle e Acompanhamento T\u00e9cnico da Pr\u00f3-Reitoria de Gest\u00e3o de Pessoas.<\/p>\n","protected":false},"excerpt":{"rendered":"<p>Alterar a <a href=\"https:\/\/progepe.ufpr.br\/portarias\/rt-2015-01739\/\" data-type=\"post\" data-id=\"97879\">Portaria n\u00ba 1739\/REITOR, de 06 de maio de 2015<\/a>, publicada no Di\u00e1rio Oficial da Uni\u00e3o n\u00ba 85, de 07 de maio de 2015, se\u00e7\u00e3o 2, p\u00e1g. 35, referente \u00e0 nomea\u00e7\u00e3o em cargo de dire\u00e7\u00e3o da servidora ANA MARIA GUIMAR\u00c3ES DA CRUZ &#8211; 163783, para fazer constar que, a partir de 26 de agosto de 2016, o referido cargo passa a denominar-se Coordenador de Controle e Acompanhamento T\u00e9cnico da Pr\u00f3-Reitoria de Gest\u00e3o de Pessoas.<\/p>\n","protected":false},"author":41,"featured_media":0,"comment_status":"closed","ping_status":"open","sticky":false,"template":"","format":"standard","meta":{"_acf_changed":false,"iawp_total_views":0,"footnotes":""},"categories":[117],"tags":[120],"class_list":["post-90315","post","type-post","status-publish","format-standard","hentry","category-rt","tag-funcao"],"acf":[],"_links":{"self":[{"href":"https:\/\/progepe.ufpr.br\/portarias\/wp-json\/wp\/v2\/posts\/90315","targetHints":{"allow":["GET"]}}],"collection":[{"href":"https:\/\/progepe.ufpr.br\/portarias\/wp-json\/wp\/v2\/posts"}],"about":[{"href":"https:\/\/progepe.ufpr.br\/portarias\/wp-json\/wp\/v2\/types\/post"}],"author":[{"embeddable":true,"href":"https:\/\/progepe.ufpr.br\/portarias\/wp-json\/wp\/v2\/users\/41"}],"replies":[{"embeddable":true,"href":"https:\/\/progepe.ufpr.br\/portarias\/wp-json\/wp\/v2\/comments?post=90315"}],"version-history":[{"count":2,"href":"https:\/\/progepe.ufpr.br\/portarias\/wp-json\/wp\/v2\/posts\/90315\/revisions"}],"predecessor-version":[{"id":257669,"href":"https:\/\/progepe.ufpr.br\/portarias\/wp-json\/wp\/v2\/posts\/90315\/revisions\/257669"}],"wp:attachment":[{"href":"https:\/\/progepe.ufpr.br\/portarias\/wp-json\/wp\/v2\/media?parent=90315"}],"wp:term":[{"taxonomy":"category","embeddable":true,"href":"https:\/\/progepe.ufpr.br\/portarias\/wp-json\/wp\/v2\/categories?post=90315"},{"taxonomy":"post_tag","embeddable":true,"href":"https:\/\/progepe.ufpr.br\/portarias\/wp-json\/wp\/v2\/tags?post=90315"}],"curies":[{"name":"wp","href":"https:\/\/api.w.org\/{rel}","templated":true}]}}