{"id":90316,"date":"2016-08-31T05:05:00","date_gmt":"2016-08-31T08:05:00","guid":{"rendered":"http:\/\/progepe.ufpr.br\/portarias\/rt-2016-02723\/"},"modified":"2023-08-03T13:11:16","modified_gmt":"2023-08-03T16:11:16","slug":"rt-2016-02723","status":"publish","type":"post","link":"https:\/\/progepe.ufpr.br\/portarias\/rt-2016-02723\/","title":{"rendered":"PORTARIA N\u00ba 02723\/REITORIA, DE 31 DE AGOSTO DE 2016"},"content":{"rendered":"\n<p>O Reitor da Universidade Federal do Paran\u00e1, no uso de suas atribui\u00e7\u00f5es e tendo em vista o que consta no processo n\u00ba 153747\/2016-67,<\/p>\n\n\n<p><strong>RESOLVE:<\/strong><\/p>\n\n\n<p>Alterar a Portaria n\u00ba 1607\/REITOR, de 16 de mar\u00e7o de 2015, publicada no Di\u00e1rio Oficial da Uni\u00e3o n\u00ba 52, de 18 de mar\u00e7o de 2015, se\u00e7\u00e3o 2, p\u00e1g. 29, referente \u00e0 nomea\u00e7\u00e3o em cargo de dire\u00e7\u00e3o do servidor MARIO FRANCISCO XAVIER DE AGUIAR &#8211; 183334, para fazer constar que, a partir de 26 de agosto de 2016, o referido cargo passa a denominar-se Coordenador de Desenvolvimento de Pessoas da Pr\u00f3-Reitoria de Gest\u00e3o de Pessoas.<\/p><p><\/p>\n\n\n<div style=\"height:15px\" aria-hidden=\"true\" class=\"wp-block-spacer\"><\/div>\n\n\n<div class=\"wp-block-buttons is-content-justification-right is-layout-flex wp-container-core-buttons-is-layout-1 wp-block-buttons-is-layout-flex\">\n<div class=\"wp-block-button has-custom-font-size is-style-outline has-small-font-size is-style-outline--1\"><a class=\"wp-block-button__link\" href=\"https:\/\/progepe.ufpr.br\/portarias\/wp-content\/uploads\/pcp\/RT\/2016\/2723R.pdf\" style=\"border-radius:0px\" target=\"_blank\" rel=\"noreferrer noopener\">Acesse o arquivo da portaria<\/a><\/div><\/div>\n","protected":false},"excerpt":{"rendered":"<p>Alterar a Portaria n\u00ba 1607\/REITOR, de 16 de mar\u00e7o de 2015, publicada no Di\u00e1rio Oficial da Uni\u00e3o n\u00ba 52, de 18 de mar\u00e7o de 2015, se\u00e7\u00e3o 2, p\u00e1g. 29, referente \u00e0 nomea\u00e7\u00e3o em cargo de dire\u00e7\u00e3o do servidor MARIO FRANCISCO XAVIER DE AGUIAR &#8211; 183334, para fazer constar que, a partir de 26 de agosto de 2016, o referido cargo passa a denominar-se Coordenador de Desenvolvimento de Pessoas da Pr\u00f3-Reitoria de Gest\u00e3o de Pessoas.  {&#8220;height&#8221;:&#8221;15px&#8221;} <\/p>\n<div style=\"height:15px\" aria-hidden=\"true\" class=\"wp-block-spacer\"> <!-- \/wp:spacer  {\"layout\":{\"type\":\"flex\",\"justifyContent\":\"right\"}} \n\n<div class=\"wp-block-buttons\"><!-- wp:button {\"style\":{\"border\":{\"radius\":\"0px\"}},\"className\":\"is-style-outline\",\"fontSize\":\"small\"} \n\n<div class=\"wp-block-button has-custom-font-size is-style-outline has-small-font-size\"><a class=\"wp-block-button__link\" href=\"https:\/\/progepe.ufpr.br\/portarias\/wp-content\/uploads\/pcp\/RT\/2016\/2723R.pdf\" style=\"border-radius:0px\" target=\"_blank\" rel=\"noreferrer\n<\/p>\n","protected":false},"author":41,"featured_media":0,"comment_status":"closed","ping_status":"open","sticky":false,"template":"wp-custom-template-emissao-entre-01-05-2004-ate-30-06-2017","format":"standard","meta":{"_acf_changed":false,"iawp_total_views":0,"footnotes":""},"categories":[117],"tags":[120],"class_list":["post-90316","post","type-post","status-publish","format-standard","hentry","category-rt","tag-funcao"],"acf":[],"_links":{"self":[{"href":"https:\/\/progepe.ufpr.br\/portarias\/wp-json\/wp\/v2\/posts\/90316","targetHints":{"allow":["GET"]}}],"collection":[{"href":"https:\/\/progepe.ufpr.br\/portarias\/wp-json\/wp\/v2\/posts"}],"about":[{"href":"https:\/\/progepe.ufpr.br\/portarias\/wp-json\/wp\/v2\/types\/post"}],"author":[{"embeddable":true,"href":"https:\/\/progepe.ufpr.br\/portarias\/wp-json\/wp\/v2\/users\/41"}],"replies":[{"embeddable":true,"href":"https:\/\/progepe.ufpr.br\/portarias\/wp-json\/wp\/v2\/comments?post=90316"}],"version-history":[{"count":1,"href":"https:\/\/progepe.ufpr.br\/portarias\/wp-json\/wp\/v2\/posts\/90316\/revisions"}],"predecessor-version":[{"id":144261,"href":"https:\/\/progepe.ufpr.br\/portarias\/wp-json\/wp\/v2\/posts\/90316\/revisions\/144261"}],"wp:attachment":[{"href":"https:\/\/progepe.ufpr.br\/portarias\/wp-json\/wp\/v2\/media?parent=90316"}],"wp:term":[{"taxonomy":"category","embeddable":true,"href":"https:\/\/progepe.ufpr.br\/portarias\/wp-json\/wp\/v2\/categories?post=90316"},{"taxonomy":"post_tag","embeddable":true,"href":"https:\/\/progepe.ufpr.br\/portarias\/wp-json\/wp\/v2\/tags?post=90316"}],"curies":[{"name":"wp","href":"https:\/\/api.w.org\/{rel}","templated":true}]}}