{"id":90382,"date":"2016-12-16T05:02:00","date_gmt":"2016-12-16T07:02:00","guid":{"rendered":"http:\/\/progepe.ufpr.br\/portarias\/rt-2016-02884\/"},"modified":"2023-08-03T13:11:30","modified_gmt":"2023-08-03T16:11:30","slug":"rt-2016-02884","status":"publish","type":"post","link":"https:\/\/progepe.ufpr.br\/portarias\/rt-2016-02884\/","title":{"rendered":"PORTARIA N\u00ba 02884\/REITORIA, DE 16 DE DEZEMBRO DE 2016"},"content":{"rendered":"\n<p>O Reitor da Universidade Federal do Paran\u00e1, no uso de suas atribui\u00e7\u00f5es, tendo em vista a compet\u00eancia que lhe \u00e9 conferida pelo Inciso V do Art. 30 do Estatuto da UFPR, o disposto nos Art. 143, 148 e 152 da Lei n\u00ba 8.112\/90; e o que consta no processo n\u00ba 168465\/2016-64,<\/p>\n\n\n<p><strong>RESOLVE:<\/strong><\/p>\n\n\n<p>Designar os servidores ROSANA MOREIRA DA ROCHA &#8211; 127442, Professora, lotada no Departamento de Zoologia do Setor de Ci\u00eancias Biol\u00f3gicas; EGON WALTER WILDAUER &#8211; 184632, Professor, lotado no Departamento de Ci\u00eancia e Gest\u00e3o da Informa\u00e7\u00e3o do Setor de Ci\u00eancias Sociais Aplicadas; e, ELIANE DE OLIVEIRA DIAS &#8211; 180297, Assistente em Administra\u00e7\u00e3o, lotada na Assessoria da Coordenadoria de Desenvolvimento de Pessoas da Pr\u00f3-Reitoria de Gest\u00e3o de Pessoas; para, sob a presid\u00eancia da primeira, constitu\u00edrem Comiss\u00e3o de Processo Administrativo Disciplinar, destinada a apurar, no prazo de 60 (sessenta) dias, os fatos de que trata o processo n\u00ba 23075.168465\/2016-64, bem como proceder ao exame dos fatos conexos que emergirem no decorrer dos trabalhos.<\/p>\n\n\n<div style=\"height:15px\" aria-hidden=\"true\" class=\"wp-block-spacer\"><\/div>\n\n\n<div class=\"wp-block-buttons is-content-justification-right is-layout-flex wp-container-core-buttons-is-layout-1 wp-block-buttons-is-layout-flex\">\n<div class=\"wp-block-button has-custom-font-size is-style-outline has-small-font-size is-style-outline--1\"><a class=\"wp-block-button__link\" href=\"https:\/\/progepe.ufpr.br\/portarias\/wp-content\/uploads\/pcp\/RT\/2016\/2884R.pdf\" style=\"border-radius:0px\" target=\"_blank\" rel=\"noreferrer noopener\">Acesse o arquivo da portaria<\/a><\/div><\/div>\n","protected":false},"excerpt":{"rendered":"<p>Designar os servidores ROSANA MOREIRA DA ROCHA &#8211; 127442, Professora, lotada no Departamento de Zoologia do Setor de Ci\u00eancias Biol\u00f3gicas; EGON WALTER WILDAUER &#8211; 184632, Professor, lotado no Departamento de Ci\u00eancia e Gest\u00e3o da Informa\u00e7\u00e3o do Setor de Ci\u00eancias Sociais Aplicadas; e, ELIANE DE OLIVEIRA DIAS &#8211; 180297, Assistente em Administra\u00e7\u00e3o, lotada na Assessoria da Coordenadoria de Desenvolvimento de Pessoas da Pr\u00f3-Reitoria de Gest\u00e3o de Pessoas; para, sob a presid\u00eancia da primeira, constitu\u00edrem Comiss\u00e3o de Processo Administrativo Disciplinar, destinada a apurar, no prazo de 60 (sessenta) dias, os fatos de que trata o processo n\u00ba 23075.168465\/2016-64, bem como<\/p>\n","protected":false},"author":41,"featured_media":0,"comment_status":"closed","ping_status":"open","sticky":false,"template":"wp-custom-template-emissao-entre-01-05-2004-ate-30-06-2017","format":"standard","meta":{"_acf_changed":false,"iawp_total_views":0,"footnotes":""},"categories":[117],"tags":[132],"class_list":["post-90382","post","type-post","status-publish","format-standard","hentry","category-rt","tag-pad-sindicancia"],"acf":[],"_links":{"self":[{"href":"https:\/\/progepe.ufpr.br\/portarias\/wp-json\/wp\/v2\/posts\/90382","targetHints":{"allow":["GET"]}}],"collection":[{"href":"https:\/\/progepe.ufpr.br\/portarias\/wp-json\/wp\/v2\/posts"}],"about":[{"href":"https:\/\/progepe.ufpr.br\/portarias\/wp-json\/wp\/v2\/types\/post"}],"author":[{"embeddable":true,"href":"https:\/\/progepe.ufpr.br\/portarias\/wp-json\/wp\/v2\/users\/41"}],"replies":[{"embeddable":true,"href":"https:\/\/progepe.ufpr.br\/portarias\/wp-json\/wp\/v2\/comments?post=90382"}],"version-history":[{"count":1,"href":"https:\/\/progepe.ufpr.br\/portarias\/wp-json\/wp\/v2\/posts\/90382\/revisions"}],"predecessor-version":[{"id":144327,"href":"https:\/\/progepe.ufpr.br\/portarias\/wp-json\/wp\/v2\/posts\/90382\/revisions\/144327"}],"wp:attachment":[{"href":"https:\/\/progepe.ufpr.br\/portarias\/wp-json\/wp\/v2\/media?parent=90382"}],"wp:term":[{"taxonomy":"category","embeddable":true,"href":"https:\/\/progepe.ufpr.br\/portarias\/wp-json\/wp\/v2\/categories?post=90382"},{"taxonomy":"post_tag","embeddable":true,"href":"https:\/\/progepe.ufpr.br\/portarias\/wp-json\/wp\/v2\/tags?post=90382"}],"curies":[{"name":"wp","href":"https:\/\/api.w.org\/{rel}","templated":true}]}}