{"id":90383,"date":"2016-12-16T05:03:00","date_gmt":"2016-12-16T07:03:00","guid":{"rendered":"http:\/\/progepe.ufpr.br\/portarias\/rt-2016-02885\/"},"modified":"2023-08-03T13:11:30","modified_gmt":"2023-08-03T16:11:30","slug":"rt-2016-02885","status":"publish","type":"post","link":"https:\/\/progepe.ufpr.br\/portarias\/rt-2016-02885\/","title":{"rendered":"PORTARIA N\u00ba 02885\/REITORIA, DE 16 DE DEZEMBRO DE 2016"},"content":{"rendered":"\n<p>O Reitor da Universidade Federal do Paran\u00e1, no uso de suas atribui\u00e7\u00f5es, tendo em vista a compet\u00eancia que lhe \u00e9 conferida pelo Inciso V do Art. 30 do Estatuto da UFPR, o disposto nos Art. 143, 148 e 152 da Lei n\u00ba 8.112\/90; e o que consta no processo n\u00ba 026491\/2014-54,<\/p>\n\n\n<p><strong>RESOLVE:<\/strong><\/p>\n\n\n<p>Designar os servidores MARIA APARECIDA ZEHNPFENNIG ZANETTI &#8211; 099015, Professora, lotada no Departamento de Geom\u00e1tica do Setor de Ci\u00eancias da Terra; SIMONE MARIN &#8211; 200805, Assistente em Administra\u00e7\u00e3o, lotada no Setor de Ci\u00eancias Exatas; e, RODRIGO EZIDIO BARBOSA &#8211; 202938, Assistente em Administra\u00e7\u00e3o, lotado no Departamento de Geologia do Setor de Ci\u00eancias da Terra; para, sob a presid\u00eancia da primeira, constitu\u00edrem Comiss\u00e3o de Processo Administrativo Disciplinar, destinada a apurar, no prazo de 60 (sessenta) dias, os fatos de que trata o processo n\u00ba 23075.026491\/2014-54, bem como proceder ao exame dos fatos conexos que emergirem no decorrer dos trabalhos.<\/p>\n\n\n<div style=\"height:15px\" aria-hidden=\"true\" class=\"wp-block-spacer\"><\/div>\n\n\n<div class=\"wp-block-buttons is-content-justification-right is-layout-flex wp-container-core-buttons-is-layout-1 wp-block-buttons-is-layout-flex\">\n<div class=\"wp-block-button has-custom-font-size is-style-outline has-small-font-size is-style-outline--1\"><a class=\"wp-block-button__link\" href=\"https:\/\/progepe.ufpr.br\/portarias\/wp-content\/uploads\/pcp\/RT\/2016\/2885R.pdf\" style=\"border-radius:0px\" target=\"_blank\" rel=\"noreferrer noopener\">Acesse o arquivo da portaria<\/a><\/div><\/div>\n","protected":false},"excerpt":{"rendered":"<p>Designar os servidores MARIA APARECIDA ZEHNPFENNIG ZANETTI &#8211; 099015, Professora, lotada no Departamento de Geom\u00e1tica do Setor de Ci\u00eancias da Terra; SIMONE MARIN &#8211; 200805, Assistente em Administra\u00e7\u00e3o, lotada no Setor de Ci\u00eancias Exatas; e, RODRIGO EZIDIO BARBOSA &#8211; 202938, Assistente em Administra\u00e7\u00e3o, lotado no Departamento de Geologia do Setor de Ci\u00eancias da Terra; para, sob a presid\u00eancia da primeira, constitu\u00edrem Comiss\u00e3o de Processo Administrativo Disciplinar, destinada a apurar, no prazo de 60 (sessenta) dias, os fatos de que trata o processo n\u00ba 23075.026491\/2014-54, bem como proceder ao exame dos fatos conexos que emergirem no decorrer dos trabalhos.<\/p>\n","protected":false},"author":41,"featured_media":0,"comment_status":"closed","ping_status":"open","sticky":false,"template":"wp-custom-template-emissao-entre-01-05-2004-ate-30-06-2017","format":"standard","meta":{"_acf_changed":false,"iawp_total_views":0,"footnotes":""},"categories":[117],"tags":[132],"class_list":["post-90383","post","type-post","status-publish","format-standard","hentry","category-rt","tag-pad-sindicancia"],"acf":[],"_links":{"self":[{"href":"https:\/\/progepe.ufpr.br\/portarias\/wp-json\/wp\/v2\/posts\/90383","targetHints":{"allow":["GET"]}}],"collection":[{"href":"https:\/\/progepe.ufpr.br\/portarias\/wp-json\/wp\/v2\/posts"}],"about":[{"href":"https:\/\/progepe.ufpr.br\/portarias\/wp-json\/wp\/v2\/types\/post"}],"author":[{"embeddable":true,"href":"https:\/\/progepe.ufpr.br\/portarias\/wp-json\/wp\/v2\/users\/41"}],"replies":[{"embeddable":true,"href":"https:\/\/progepe.ufpr.br\/portarias\/wp-json\/wp\/v2\/comments?post=90383"}],"version-history":[{"count":1,"href":"https:\/\/progepe.ufpr.br\/portarias\/wp-json\/wp\/v2\/posts\/90383\/revisions"}],"predecessor-version":[{"id":144328,"href":"https:\/\/progepe.ufpr.br\/portarias\/wp-json\/wp\/v2\/posts\/90383\/revisions\/144328"}],"wp:attachment":[{"href":"https:\/\/progepe.ufpr.br\/portarias\/wp-json\/wp\/v2\/media?parent=90383"}],"wp:term":[{"taxonomy":"category","embeddable":true,"href":"https:\/\/progepe.ufpr.br\/portarias\/wp-json\/wp\/v2\/categories?post=90383"},{"taxonomy":"post_tag","embeddable":true,"href":"https:\/\/progepe.ufpr.br\/portarias\/wp-json\/wp\/v2\/tags?post=90383"}],"curies":[{"name":"wp","href":"https:\/\/api.w.org\/{rel}","templated":true}]}}