{"id":90420,"date":"2016-06-07T05:01:00","date_gmt":"2016-06-07T08:01:00","guid":{"rendered":"http:\/\/progepe.ufpr.br\/portarias\/rt-2016-02579\/"},"modified":"2023-08-03T13:11:03","modified_gmt":"2023-08-03T16:11:03","slug":"rt-2016-02579","status":"publish","type":"post","link":"https:\/\/progepe.ufpr.br\/portarias\/rt-2016-02579\/","title":{"rendered":"PORTARIA N\u00ba 02579\/REITORIA, DE 07 DE JUNHO DE 2016"},"content":{"rendered":"\n<p>O Vice-Reitor da Universidade Federal do Paran\u00e1, no exerc\u00edcio do cargo de Reitor, no uso de suas atribui\u00e7\u00f5es e tendo em vista o que consta no processo n\u00ba 120149\/2016-10,<\/p>\n\n\n<p><strong>RESOLVE:<\/strong><\/p>\n\n\n<p>Alterar a Portaria n\u00ba 2.364\/REITOR, de 07 de mar\u00e7o de 2016, que designou os representantes discentes junto aos Conselhos Superiores, como segue: a) LUCAS SIQUIERI GRACIA e NICOLE MARIAH RIPKA DIAS substituem, respectivamente, GUILHERME FERNANDO SCHNEKENBERG e LUCAS HENRIQUE LEMES, como representantes Titulares junto ao Conselho de Ensino, Pesquisa e Extens\u00e3o &#8211; CEPE, a partir de 02 de junho de 2016, com mandato at\u00e9 24 de fevereiro de 2017; b) CAROLINE YURI MENDES OMURA e FELIPE AUGUSTO BERTOLINI substituem, respectivamente, LUAN VINICIUS SAPELLI e NICOLE MARIAH RIPKA DIAS, como representantes Suplentes junto ao Conselho de Ensino, Pesquisa e Extens\u00e3o &#8211; CEPE, a partir de 02 de junho de 2016, com mandato at\u00e9 24 de fevereiro de 2017; c) FRANCIELI DE ASSIS PRATA, ANNE HELLE HOFFMANN e MAURICIO LUIS VIECILI substituem, respectivamente, LUCAS SIQUIERI GRACIA, ANA PAULA DIAS TORRES OCAMPOS e WAGNER JOSE NEGRELO BISCAIA, como representantes Titulares junto ao Conselho de Planejamento e Administra\u00e7\u00e3o &#8211; COPLAD, a partir de 01 de junho de 2016, com mandato at\u00e9 23 de fevereiro de 2017; d) LUCAS FINGER SCHMIDTKE e RAFAEL DA SILVEIRA FALC\u00c3O substituem, respectivamente, FRANCIELI DE ASSIS PRATA e MARIANA PAIVA DOS SANTOS, como representantes Suplentes junto ao Conselho de Planejamento e Administra\u00e7\u00e3o &#8211; COPLAD, a partir de 01 de junho de 2016, com mandato at\u00e9 23 de fevereiro de 2017; e, e) WAGNER JOSE NEGRELO BISCAIA e ALEXANDRE DE ALMEIDA RODRIGUES substituem, respectivamente, KAMILA ANNE CARVALHO DA SILVA e LUCAS FINGER SCHMIDTKE como representantes Titular e Suplente junto ao Conselho de Curadores &#8211; CONCUR, a partir de 25 de maio de 2016, com mandato at\u00e9 01 de mar\u00e7o de 2017.<\/p>\n\n\n<div style=\"height:15px\" aria-hidden=\"true\" class=\"wp-block-spacer\"><\/div>\n\n\n<div class=\"wp-block-buttons is-content-justification-right is-layout-flex wp-container-core-buttons-is-layout-1 wp-block-buttons-is-layout-flex\">\n<div class=\"wp-block-button has-custom-font-size is-style-outline has-small-font-size is-style-outline--1\"><a class=\"wp-block-button__link\" href=\"https:\/\/progepe.ufpr.br\/portarias\/wp-content\/uploads\/pcp\/RT\/2016\/2579R.pdf\" style=\"border-radius:0px\" target=\"_blank\" rel=\"noreferrer noopener\">Acesse o arquivo da portaria<\/a><\/div><\/div>\n","protected":false},"excerpt":{"rendered":"<p>Alterar a Portaria n\u00ba 2.364\/REITOR, de 07 de mar\u00e7o de 2016, que designou os representantes discentes junto aos Conselhos Superiores, como segue: a) LUCAS SIQUIERI GRACIA e NICOLE MARIAH RIPKA DIAS substituem, respectivamente, GUILHERME FERNANDO SCHNEKENBERG e LUCAS HENRIQUE LEMES, como representantes Titulares junto ao Conselho de Ensino, Pesquisa e Extens\u00e3o &#8211; CEPE, a partir de 02 de junho de 2016, com mandato at\u00e9 24 de fevereiro de 2017; b) CAROLINE YURI MENDES OMURA e FELIPE AUGUSTO BERTOLINI substituem, respectivamente, LUAN VINICIUS SAPELLI e NICOLE MARIAH RIPKA DIAS, como representantes Suplentes junto ao Conselho de Ensino, Pesquisa e<\/p>\n","protected":false},"author":41,"featured_media":0,"comment_status":"closed","ping_status":"open","sticky":false,"template":"wp-custom-template-emissao-entre-01-05-2004-ate-30-06-2017","format":"standard","meta":{"_acf_changed":false,"iawp_total_views":0,"footnotes":""},"categories":[117],"tags":[126],"class_list":["post-90420","post","type-post","status-publish","format-standard","hentry","category-rt","tag-representante"],"acf":[],"_links":{"self":[{"href":"https:\/\/progepe.ufpr.br\/portarias\/wp-json\/wp\/v2\/posts\/90420","targetHints":{"allow":["GET"]}}],"collection":[{"href":"https:\/\/progepe.ufpr.br\/portarias\/wp-json\/wp\/v2\/posts"}],"about":[{"href":"https:\/\/progepe.ufpr.br\/portarias\/wp-json\/wp\/v2\/types\/post"}],"author":[{"embeddable":true,"href":"https:\/\/progepe.ufpr.br\/portarias\/wp-json\/wp\/v2\/users\/41"}],"replies":[{"embeddable":true,"href":"https:\/\/progepe.ufpr.br\/portarias\/wp-json\/wp\/v2\/comments?post=90420"}],"version-history":[{"count":1,"href":"https:\/\/progepe.ufpr.br\/portarias\/wp-json\/wp\/v2\/posts\/90420\/revisions"}],"predecessor-version":[{"id":144365,"href":"https:\/\/progepe.ufpr.br\/portarias\/wp-json\/wp\/v2\/posts\/90420\/revisions\/144365"}],"wp:attachment":[{"href":"https:\/\/progepe.ufpr.br\/portarias\/wp-json\/wp\/v2\/media?parent=90420"}],"wp:term":[{"taxonomy":"category","embeddable":true,"href":"https:\/\/progepe.ufpr.br\/portarias\/wp-json\/wp\/v2\/categories?post=90420"},{"taxonomy":"post_tag","embeddable":true,"href":"https:\/\/progepe.ufpr.br\/portarias\/wp-json\/wp\/v2\/tags?post=90420"}],"curies":[{"name":"wp","href":"https:\/\/api.w.org\/{rel}","templated":true}]}}