{"id":92545,"date":"2016-01-18T10:07:00","date_gmt":"2016-01-18T12:07:00","guid":{"rendered":"http:\/\/progepe.ufpr.br\/portarias\/progepe-2016-15142\/"},"modified":"2023-08-03T12:08:36","modified_gmt":"2023-08-03T15:08:36","slug":"progepe-2016-15142","status":"publish","type":"post","link":"https:\/\/progepe.ufpr.br\/portarias\/progepe-2016-15142\/","title":{"rendered":"PORTARIA N\u00ba 15142\/PROGEPE, DE 18 DE JANEIRO DE 2016"},"content":{"rendered":"\n<p>A Pr\u00f3-Reitora de Gest\u00e3o de Pessoas da Universidade Federal do Paran\u00e1, em exerc\u00edcio, no uso de suas atribui\u00e7\u00f5es, tendo em vista a compet\u00eancia que lhe \u00e9 conferida pela Portaria n\u00ba 2.590, de 26 de setembro de 1997 e considerando o que consta no processo n\u00ba 106419\/2015-91,<\/p>\n\n\n<p><strong>RESOLVE:<\/strong><\/p>\n\n\n<p>Conceder aposentadoria volunt\u00e1ria por idade, nos termos do Art. 40, \u00a7 1\u00ba, inciso III, al\u00ednea b da Constitui\u00e7\u00e3o Federal, alterado pela Emenda Constitucional n\u00ba 41, de 31 de dezembro de 2003, combinado com o art. 1\u00ba da Lei n\u00ba 10.887\/04, \u00e0 servidora OLGA SINGER GUCHTAIN \u2013 169188, nascida em 28 de dezembro de 1945, lotada no Hospital de Cl\u00ednicas, ocupante do cargo de T\u00e9cnica em Farm\u00e1cia, n\u00edvel de classifica\u00e7\u00e3o D, n\u00edvel de capacita\u00e7\u00e3o IV, padr\u00e3o de vencimento 09, no regime de trabalho de 40 (quarenta) horas semanais, com proventos proporcionais ao tempo de contribui\u00e7\u00e3o, calculados sore a m\u00e9dia das remunera\u00e7\u00f5es utilizadas como base para as contribui\u00e7\u00f5es aos regimes de previd\u00eancia.<\/p>\n\n\n<div style=\"height:15px\" aria-hidden=\"true\" class=\"wp-block-spacer\"><\/div>\n\n\n<div class=\"wp-block-buttons is-content-justification-right is-layout-flex wp-container-core-buttons-is-layout-1 wp-block-buttons-is-layout-flex\">\n<div class=\"wp-block-button has-custom-font-size is-style-outline has-small-font-size is-style-outline--1\"><a class=\"wp-block-button__link\" href=\"https:\/\/progepe.ufpr.br\/portarias\/wp-content\/uploads\/pcp\/PROGEPE\/2016\/15142PR.pdf\" style=\"border-radius:0px\" target=\"_blank\" rel=\"noreferrer noopener\">Acesse o arquivo da portaria<\/a><\/div><\/div>\n","protected":false},"excerpt":{"rendered":"<p>Conceder aposentadoria volunt\u00e1ria por idade, nos termos do Art. 40, \u00a7 1\u00ba, inciso III, al\u00ednea b da Constitui\u00e7\u00e3o Federal, alterado pela Emenda Constitucional n\u00ba 41, de 31 de dezembro de 2003, combinado com o art. 1\u00ba da Lei n\u00ba 10.887\/04, \u00e0 servidora OLGA SINGER GUCHTAIN \u2013 169188, nascida em 28 de dezembro de 1945, lotada no Hospital de Cl\u00ednicas, ocupante do cargo de T\u00e9cnica em Farm\u00e1cia, n\u00edvel de classifica\u00e7\u00e3o D, n\u00edvel de capacita\u00e7\u00e3o IV, padr\u00e3o de vencimento 09, no regime de trabalho de 40 (quarenta) horas semanais, com proventos proporcionais ao tempo de contribui\u00e7\u00e3o, calculados sore a m\u00e9dia<\/p>\n","protected":false},"author":41,"featured_media":0,"comment_status":"closed","ping_status":"open","sticky":false,"template":"wp-custom-template-emissao-entre-01-05-2004-ate-30-06-2017","format":"standard","meta":{"_acf_changed":false,"iawp_total_views":0,"footnotes":""},"categories":[116],"tags":[125],"class_list":["post-92545","post","type-post","status-publish","format-standard","hentry","category-progepe","tag-aposentadoria"],"acf":[],"_links":{"self":[{"href":"https:\/\/progepe.ufpr.br\/portarias\/wp-json\/wp\/v2\/posts\/92545","targetHints":{"allow":["GET"]}}],"collection":[{"href":"https:\/\/progepe.ufpr.br\/portarias\/wp-json\/wp\/v2\/posts"}],"about":[{"href":"https:\/\/progepe.ufpr.br\/portarias\/wp-json\/wp\/v2\/types\/post"}],"author":[{"embeddable":true,"href":"https:\/\/progepe.ufpr.br\/portarias\/wp-json\/wp\/v2\/users\/41"}],"replies":[{"embeddable":true,"href":"https:\/\/progepe.ufpr.br\/portarias\/wp-json\/wp\/v2\/comments?post=92545"}],"version-history":[{"count":1,"href":"https:\/\/progepe.ufpr.br\/portarias\/wp-json\/wp\/v2\/posts\/92545\/revisions"}],"predecessor-version":[{"id":144528,"href":"https:\/\/progepe.ufpr.br\/portarias\/wp-json\/wp\/v2\/posts\/92545\/revisions\/144528"}],"wp:attachment":[{"href":"https:\/\/progepe.ufpr.br\/portarias\/wp-json\/wp\/v2\/media?parent=92545"}],"wp:term":[{"taxonomy":"category","embeddable":true,"href":"https:\/\/progepe.ufpr.br\/portarias\/wp-json\/wp\/v2\/categories?post=92545"},{"taxonomy":"post_tag","embeddable":true,"href":"https:\/\/progepe.ufpr.br\/portarias\/wp-json\/wp\/v2\/tags?post=92545"}],"curies":[{"name":"wp","href":"https:\/\/api.w.org\/{rel}","templated":true}]}}