{"id":92548,"date":"2016-01-18T10:10:00","date_gmt":"2016-01-18T12:10:00","guid":{"rendered":"http:\/\/progepe.ufpr.br\/portarias\/progepe-2016-15145\/"},"modified":"2023-08-03T12:08:36","modified_gmt":"2023-08-03T15:08:36","slug":"progepe-2016-15145","status":"publish","type":"post","link":"https:\/\/progepe.ufpr.br\/portarias\/progepe-2016-15145\/","title":{"rendered":"PORTARIA N\u00ba 15145\/PROGEPE, DE 18 DE JANEIRO DE 2016"},"content":{"rendered":"\n<p>A Pr\u00f3-Reitora de Gest\u00e3o de Pessoas da Universidade Federal do Paran\u00e1, em exerc\u00edcio, no uso de suas atribui\u00e7\u00f5es, tendo em vista a compet\u00eancia que lhe \u00e9 conferida pela Portaria n\u00ba 2.590, de 26 de setembro de 1997 e considerando o que consta no processo n\u00ba 100460\/2015-53,<\/p>\n\n\n<p><strong>RESOLVE:<\/strong><\/p>\n\n\n<p>Aposentar,  nos  termos  do  Art.  40,  \u00a71\u00ba,  inciso  I,  \u00a7  18  da  Emenda Constitucional n\u00ba 41 de 31.12.2003, inclu\u00eddo pela Emenda Constitucional n\u00ba 70 de 30.03.2012, o servidor AGOSTINHO DONIZETI ROBLE \u2013 102687, lotado no Gabinete da Pr\u00f3-Reitoria de Gest\u00e3o de Pessoas, ocupante do cargo de Assistente em Administra\u00e7\u00e3o, n\u00edvel de classifica\u00e7\u00e3o D, n\u00edvel de capacita\u00e7\u00e3o I, padr\u00e3o de vencimento 16, no regime de trabalho de 40 (quarenta) horas semanais, com o vencimento do mencionado cargo \u00e0 raz\u00e3o de 34\/35 (trinta e quatro trinta e cinco avos), mais a gratifica\u00e7\u00e3o adicional por tempo de servi\u00e7o, prevista no Art. 67 da Lei n\u00ba 8.112\/90, no \u00edndice de 21 (vinte e um) por cento, sobre o vencimento do cargo, mais a vantagem pessoal, art. 62 da Lei n\u00ba 8.112\/90, origin\u00e1ria da incorpora\u00e7\u00e3o nos termos do art. 3\u00ba a 11 da Lei \u00ba 8.911\/94, Lei n\u00ba 9.527\/97 e Lei n\u00ba 9.624\/98, correspondente \u00e0s fra\u00e7\u00f5es de d\u00e9cimos equivalentes a 6\/10 (seis d\u00e9cimos) da fun\u00e7\u00e3o gratificada, c\u00f3digo FG-2, mais 4\/10 (quatro d\u00e9cimos) da fun\u00e7\u00e3o gratificada, c\u00f3digo FG-4, e a vantagem pessoal, art. 5\u00ba do Decreto n\u00ba 95.689\/88, mantida conforme Senten\u00e7a Judicial \u2013 A\u00e7\u00e3o Ordin\u00e1ria n\u00ba 2002.70.00.069385-5, da 5\u00aa Vara Federal do Paran\u00e1.<\/p>\n\n\n<div style=\"height:15px\" aria-hidden=\"true\" class=\"wp-block-spacer\"><\/div>\n\n\n<div class=\"wp-block-buttons is-content-justification-right is-layout-flex wp-container-core-buttons-is-layout-1 wp-block-buttons-is-layout-flex\">\n<div class=\"wp-block-button has-custom-font-size is-style-outline has-small-font-size is-style-outline--1\"><a class=\"wp-block-button__link\" href=\"https:\/\/progepe.ufpr.br\/portarias\/wp-content\/uploads\/pcp\/PROGEPE\/2016\/15145PR.pdf\" style=\"border-radius:0px\" target=\"_blank\" rel=\"noreferrer noopener\">Acesse o arquivo da portaria<\/a><\/div><\/div>\n","protected":false},"excerpt":{"rendered":"<p>Aposentar, nos termos do Art. 40, \u00a71\u00ba, inciso I, \u00a7 18 da Emenda Constitucional n\u00ba 41 de 31.12.2003, inclu\u00eddo pela Emenda Constitucional n\u00ba 70 de 30.03.2012, o servidor AGOSTINHO DONIZETI ROBLE \u2013 102687, lotado no Gabinete da Pr\u00f3-Reitoria de Gest\u00e3o de Pessoas, ocupante do cargo de Assistente em Administra\u00e7\u00e3o, n\u00edvel de classifica\u00e7\u00e3o D, n\u00edvel de capacita\u00e7\u00e3o I, padr\u00e3o de vencimento 16, no regime de trabalho de 40 (quarenta) horas semanais, com o vencimento do mencionado cargo \u00e0 raz\u00e3o de 34\/35 (trinta e quatro trinta e cinco avos), mais a gratifica\u00e7\u00e3o adicional por tempo de servi\u00e7o, prevista no Art.<\/p>\n","protected":false},"author":41,"featured_media":0,"comment_status":"closed","ping_status":"open","sticky":false,"template":"wp-custom-template-emissao-entre-01-05-2004-ate-30-06-2017","format":"standard","meta":{"_acf_changed":false,"iawp_total_views":0,"footnotes":""},"categories":[116],"tags":[125],"class_list":["post-92548","post","type-post","status-publish","format-standard","hentry","category-progepe","tag-aposentadoria"],"acf":[],"_links":{"self":[{"href":"https:\/\/progepe.ufpr.br\/portarias\/wp-json\/wp\/v2\/posts\/92548","targetHints":{"allow":["GET"]}}],"collection":[{"href":"https:\/\/progepe.ufpr.br\/portarias\/wp-json\/wp\/v2\/posts"}],"about":[{"href":"https:\/\/progepe.ufpr.br\/portarias\/wp-json\/wp\/v2\/types\/post"}],"author":[{"embeddable":true,"href":"https:\/\/progepe.ufpr.br\/portarias\/wp-json\/wp\/v2\/users\/41"}],"replies":[{"embeddable":true,"href":"https:\/\/progepe.ufpr.br\/portarias\/wp-json\/wp\/v2\/comments?post=92548"}],"version-history":[{"count":1,"href":"https:\/\/progepe.ufpr.br\/portarias\/wp-json\/wp\/v2\/posts\/92548\/revisions"}],"predecessor-version":[{"id":144531,"href":"https:\/\/progepe.ufpr.br\/portarias\/wp-json\/wp\/v2\/posts\/92548\/revisions\/144531"}],"wp:attachment":[{"href":"https:\/\/progepe.ufpr.br\/portarias\/wp-json\/wp\/v2\/media?parent=92548"}],"wp:term":[{"taxonomy":"category","embeddable":true,"href":"https:\/\/progepe.ufpr.br\/portarias\/wp-json\/wp\/v2\/categories?post=92548"},{"taxonomy":"post_tag","embeddable":true,"href":"https:\/\/progepe.ufpr.br\/portarias\/wp-json\/wp\/v2\/tags?post=92548"}],"curies":[{"name":"wp","href":"https:\/\/api.w.org\/{rel}","templated":true}]}}