{"id":92617,"date":"2016-04-15T10:10:00","date_gmt":"2016-04-15T13:10:00","guid":{"rendered":"http:\/\/progepe.ufpr.br\/portarias\/progepe-2016-16588\/"},"modified":"2023-08-03T12:11:11","modified_gmt":"2023-08-03T15:11:11","slug":"progepe-2016-16588","status":"publish","type":"post","link":"https:\/\/progepe.ufpr.br\/portarias\/progepe-2016-16588\/","title":{"rendered":"PORTARIA N\u00ba 16588\/PROGEPE, DE 15 DE ABRIL DE 2016"},"content":{"rendered":"\n<p>A Pr\u00f3-Reitora de Gest\u00e3o de Pessoas da Universidade Federal do Paran\u00e1, no uso de suas atribui\u00e7\u00f5es, tendo em vista a compet\u00eancia que lhe \u00e9 conferida pela  Portaria  n\u00ba  2.590, de 26 de setembro  de  1997  e  considerando  o  que  consta  no  processo  n\u00ba 120231\/2016-36,<\/p>\n\n\n<p><strong>RESOLVE:<\/strong><\/p>\n\n\n<p>Aposentar nos termos do Art. 40, \u00a71\u00ba, inciso I, \u00a7 3\u00ba E \u00a7 18 da  Emenda Constitucional n\u00ba 41 de 31.12.2003, a servidora ALINE FALC\u00c3O COELHO \u2013 176150, lotada no Hospital de Cl\u00ednicas, ocupante do cargo de Auxiliar de Enfermagem, n\u00edvel de classifica\u00e7\u00e3o C, n\u00edvel de capacita\u00e7\u00e3o IV, padr\u00e3o de vencimento 06, no regime de trabalho de 40 (quarenta) horas semanais, com proventos calculados sobre a m\u00e9dia das remunera\u00e7\u00f5es utilizadas como base para as contribui\u00e7\u00f5es da servidora aos regimes de previd\u00eancia.ALINE FALCAO COELHO<\/p>\n\n\n<div style=\"height:15px\" aria-hidden=\"true\" class=\"wp-block-spacer\"><\/div>\n\n\n<div class=\"wp-block-buttons is-content-justification-right is-layout-flex wp-container-core-buttons-is-layout-1 wp-block-buttons-is-layout-flex\">\n<div class=\"wp-block-button has-custom-font-size is-style-outline has-small-font-size is-style-outline--1\"><a class=\"wp-block-button__link\" href=\"https:\/\/progepe.ufpr.br\/portarias\/wp-content\/uploads\/pcp\/PROGEPE\/2016\/16588PR.pdf\" style=\"border-radius:0px\" target=\"_blank\" rel=\"noreferrer noopener\">Acesse o arquivo da portaria<\/a><\/div><\/div>\n","protected":false},"excerpt":{"rendered":"<p>Aposentar nos termos do Art. 40, \u00a71\u00ba, inciso I, \u00a7 3\u00ba E \u00a7 18 da Emenda Constitucional n\u00ba 41 de 31.12.2003, a servidora ALINE FALC\u00c3O COELHO \u2013 176150, lotada no Hospital de Cl\u00ednicas, ocupante do cargo de Auxiliar de Enfermagem, n\u00edvel de classifica\u00e7\u00e3o C, n\u00edvel de capacita\u00e7\u00e3o IV, padr\u00e3o de vencimento 06, no regime de trabalho de 40 (quarenta) horas semanais, com proventos calculados sobre a m\u00e9dia das remunera\u00e7\u00f5es utilizadas como base para as contribui\u00e7\u00f5es da servidora aos regimes de previd\u00eancia.ALINE FALCAO COELHO  {&#8220;height&#8221;:&#8221;15px&#8221;} <\/p>\n<div style=\"height:15px\" aria-hidden=\"true\" class=\"wp-block-spacer\"> <!-- \/wp:spacer  {\"layout\":{\"type\":\"flex\",\"justifyContent\":\"right\"}} \n\n<div class=\"wp-block-buttons\"><!-- wp:button {\"style\":{\"border\":{\"radius\":\"0px\"}},\"className\":\"is-style-outline\",\"fontSize\":\"small\"} \n\n<div \n\n","protected":false},"author":41,"featured_media":0,"comment_status":"closed","ping_status":"open","sticky":false,"template":"wp-custom-template-emissao-entre-01-05-2004-ate-30-06-2017","format":"standard","meta":{"_acf_changed":false,"iawp_total_views":0,"footnotes":""},"categories":[116],"tags":[125],"class_list":["post-92617","post","type-post","status-publish","format-standard","hentry","category-progepe","tag-aposentadoria"],"acf":[],"_links":{"self":[{"href":"https:\/\/progepe.ufpr.br\/portarias\/wp-json\/wp\/v2\/posts\/92617","targetHints":{"allow":["GET"]}}],"collection":[{"href":"https:\/\/progepe.ufpr.br\/portarias\/wp-json\/wp\/v2\/posts"}],"about":[{"href":"https:\/\/progepe.ufpr.br\/portarias\/wp-json\/wp\/v2\/types\/post"}],"author":[{"embeddable":true,"href":"https:\/\/progepe.ufpr.br\/portarias\/wp-json\/wp\/v2\/users\/41"}],"replies":[{"embeddable":true,"href":"https:\/\/progepe.ufpr.br\/portarias\/wp-json\/wp\/v2\/comments?post=92617"}],"version-history":[{"count":1,"href":"https:\/\/progepe.ufpr.br\/portarias\/wp-json\/wp\/v2\/posts\/92617\/revisions"}],"predecessor-version":[{"id":116187,"href":"https:\/\/progepe.ufpr.br\/portarias\/wp-json\/wp\/v2\/posts\/92617\/revisions\/116187"}],"wp:attachment":[{"href":"https:\/\/progepe.ufpr.br\/portarias\/wp-json\/wp\/v2\/media?parent=92617"}],"wp:term":[{"taxonomy":"category","embeddable":true,"href":"https:\/\/progepe.ufpr.br\/portarias\/wp-json\/wp\/v2\/categories?post=92617"},{"taxonomy":"post_tag","embeddable":true,"href":"https:\/\/progepe.ufpr.br\/portarias\/wp-json\/wp\/v2\/tags?post=92617"}],"curies":[{"name":"wp","href":"https:\/\/api.w.org\/{rel}","templated":true}]}}