{"id":92635,"date":"2016-04-28T10:06:00","date_gmt":"2016-04-28T13:06:00","guid":{"rendered":"http:\/\/progepe.ufpr.br\/portarias\/progepe-2016-16782\/"},"modified":"2023-08-03T12:11:32","modified_gmt":"2023-08-03T15:11:32","slug":"progepe-2016-16782","status":"publish","type":"post","link":"https:\/\/progepe.ufpr.br\/portarias\/progepe-2016-16782\/","title":{"rendered":"PORTARIA N\u00ba 16782\/PROGEPE, DE 28 DE ABRIL DE 2016"},"content":{"rendered":"\n<p>A Pr\u00f3-Reitora de Gest\u00e3o de Pessoas da Universidade Federal do Paran\u00e1, no uso de suas atribui\u00e7\u00f5es, tendo em vista a compet\u00eancia que lhe \u00e9 conferida pela  Portaria  n\u00ba  2.590, de 26 de setembro  de  1997  e  considerando  o  que  consta  no  processo  n\u00ba 126132\/2016-68,<\/p>\n\n\n<p><strong>RESOLVE:<\/strong><\/p>\n\n\n<p>Conceder  aposentadoria  volunt\u00e1ria  por  tempo  de  contribui\u00e7\u00e3o,  nos termos do art. 3\u00ba da Emenda Constitucional n\u00ba 47\/05, \u00e0 servidora MARIA GONCALVES DA LUZ DE OLIVEIRA \u2013 106534, lotada na Biblioteca de Ci\u00eancias Sociais Aplicadas do Sistema de  Bibliotecas,  ocupante  do  cargo  de  Recepcionista,  n\u00edvel  de  classifica\u00e7\u00e3o  C,  n\u00edvel  de capacita\u00e7\u00e3o  IV,  padr\u00e3o  de  vencimento  14,  no  regime  de  trabalho  de  40  (quarenta)  horas semanais, com o vencimento do mencionado cargo, mais a gratifica\u00e7\u00e3o adicional por tempo de servi\u00e7o, prevista no art. 67 da Lei n\u00ba 8.112\/90, no \u00edndice de 8 (oito) por cento, calculada sobre o vencimento b\u00e1sico, mais o vencimento b\u00e1sico complementar, art. 15 da Lei n\u00ba 11.091\/05, mais o incentivo \u00e0 qualifica\u00e7\u00e3o, Decreto n\u00ba 5.824\/06.<\/p>\n\n\n<div style=\"height:15px\" aria-hidden=\"true\" class=\"wp-block-spacer\"><\/div>\n\n\n<div class=\"wp-block-buttons is-content-justification-right is-layout-flex wp-container-core-buttons-is-layout-1 wp-block-buttons-is-layout-flex\">\n<div class=\"wp-block-button has-custom-font-size is-style-outline has-small-font-size is-style-outline--1\"><a class=\"wp-block-button__link\" href=\"https:\/\/progepe.ufpr.br\/portarias\/wp-content\/uploads\/pcp\/PROGEPE\/2016\/16782PR.pdf\" style=\"border-radius:0px\" target=\"_blank\" rel=\"noreferrer noopener\">Acesse o arquivo da portaria<\/a><\/div><\/div>\n","protected":false},"excerpt":{"rendered":"<p>Conceder aposentadoria volunt\u00e1ria por tempo de contribui\u00e7\u00e3o, nos termos do art. 3\u00ba da Emenda Constitucional n\u00ba 47\/05, \u00e0 servidora MARIA GONCALVES DA LUZ DE OLIVEIRA \u2013 106534, lotada na Biblioteca de Ci\u00eancias Sociais Aplicadas do Sistema de Bibliotecas, ocupante do cargo de Recepcionista, n\u00edvel de classifica\u00e7\u00e3o C, n\u00edvel de capacita\u00e7\u00e3o IV, padr\u00e3o de vencimento 14, no regime de trabalho de 40 (quarenta) horas semanais, com o vencimento do mencionado cargo, mais a gratifica\u00e7\u00e3o adicional por tempo de servi\u00e7o, prevista no art. 67 da Lei n\u00ba 8.112\/90, no \u00edndice de 8 (oito) por cento, calculada sobre o vencimento b\u00e1sico,<\/p>\n","protected":false},"author":41,"featured_media":0,"comment_status":"closed","ping_status":"open","sticky":false,"template":"wp-custom-template-emissao-entre-01-05-2004-ate-30-06-2017","format":"standard","meta":{"_acf_changed":false,"iawp_total_views":0,"footnotes":""},"categories":[116],"tags":[125],"class_list":["post-92635","post","type-post","status-publish","format-standard","hentry","category-progepe","tag-aposentadoria"],"acf":[],"_links":{"self":[{"href":"https:\/\/progepe.ufpr.br\/portarias\/wp-json\/wp\/v2\/posts\/92635","targetHints":{"allow":["GET"]}}],"collection":[{"href":"https:\/\/progepe.ufpr.br\/portarias\/wp-json\/wp\/v2\/posts"}],"about":[{"href":"https:\/\/progepe.ufpr.br\/portarias\/wp-json\/wp\/v2\/types\/post"}],"author":[{"embeddable":true,"href":"https:\/\/progepe.ufpr.br\/portarias\/wp-json\/wp\/v2\/users\/41"}],"replies":[{"embeddable":true,"href":"https:\/\/progepe.ufpr.br\/portarias\/wp-json\/wp\/v2\/comments?post=92635"}],"version-history":[{"count":1,"href":"https:\/\/progepe.ufpr.br\/portarias\/wp-json\/wp\/v2\/posts\/92635\/revisions"}],"predecessor-version":[{"id":116205,"href":"https:\/\/progepe.ufpr.br\/portarias\/wp-json\/wp\/v2\/posts\/92635\/revisions\/116205"}],"wp:attachment":[{"href":"https:\/\/progepe.ufpr.br\/portarias\/wp-json\/wp\/v2\/media?parent=92635"}],"wp:term":[{"taxonomy":"category","embeddable":true,"href":"https:\/\/progepe.ufpr.br\/portarias\/wp-json\/wp\/v2\/categories?post=92635"},{"taxonomy":"post_tag","embeddable":true,"href":"https:\/\/progepe.ufpr.br\/portarias\/wp-json\/wp\/v2\/tags?post=92635"}],"curies":[{"name":"wp","href":"https:\/\/api.w.org\/{rel}","templated":true}]}}