{"id":92693,"date":"2016-07-27T10:09:00","date_gmt":"2016-07-27T13:09:00","guid":{"rendered":"http:\/\/progepe.ufpr.br\/portarias\/progepe-2016-18563\/"},"modified":"2023-08-03T12:14:46","modified_gmt":"2023-08-03T15:14:46","slug":"progepe-2016-18563","status":"publish","type":"post","link":"https:\/\/progepe.ufpr.br\/portarias\/progepe-2016-18563\/","title":{"rendered":"PORTARIA N\u00ba 18563\/PROGEPE, DE 27 DE JULHO DE 2016"},"content":{"rendered":"\n<p>A Pr\u00f3-Reitora de Gest\u00e3o de Pessoas da Universidade Federal  do  Paran\u00e1,  em  exerc\u00edcio, no  uso  de  suas atribui\u00e7\u00f5es, tendo em vista a compet\u00eancia que lhe \u00e9 conferida pela Portaria n\u00ba 2.590, de 26 de setembro de 1997 e considerando o que consta no processo n\u00ba 062879\/2015-08,<\/p>\n\n\n<p><strong>RESOLVE:<\/strong><\/p>\n\n\n<p>I. Cessar, a partir de 29 de junho de 2016, os efeitos da Portaria n\u00ba 15.087\/PROGEPE, de 12.01.2016, publicada no DOU de 14.01.2016, se\u00e7\u00e3o II, p\u00e1gina 31. II. Alterar  a Portaria n\u00ba 14.100\/PROGEPE, de 17 de novembro de 2015, publicada no DOU de 18.11.2015, se\u00e7\u00e3o 2, p\u00e1gina 34, para constar que, a partir de 29 de junho de 2016 a aposentadoria  de FERNANDO GROSSI \u2013 168386,  ser\u00e1 com vencimento \u00e0 raz\u00e3o de 24\/35 (vinte e quatro trinta e cinco avos).<\/p>\n\n\n<div style=\"height:15px\" aria-hidden=\"true\" class=\"wp-block-spacer\"><\/div>\n\n\n<div class=\"wp-block-buttons is-content-justification-right is-layout-flex wp-container-core-buttons-is-layout-1 wp-block-buttons-is-layout-flex\">\n<div class=\"wp-block-button has-custom-font-size is-style-outline has-small-font-size is-style-outline--1\"><a class=\"wp-block-button__link\" href=\"https:\/\/progepe.ufpr.br\/portarias\/wp-content\/uploads\/pcp\/PROGEPE\/2016\/18563PR.pdf\" style=\"border-radius:0px\" target=\"_blank\" rel=\"noreferrer noopener\">Acesse o arquivo da portaria<\/a><\/div><\/div>\n","protected":false},"excerpt":{"rendered":"<p>I. Cessar, a partir de 29 de junho de 2016, os efeitos da Portaria n\u00ba 15.087\/PROGEPE, de 12.01.2016, publicada no DOU de 14.01.2016, se\u00e7\u00e3o II, p\u00e1gina 31. II. Alterar a Portaria n\u00ba 14.100\/PROGEPE, de 17 de novembro de 2015, publicada no DOU de 18.11.2015, se\u00e7\u00e3o 2, p\u00e1gina 34, para constar que, a partir de 29 de junho de 2016 a aposentadoria de FERNANDO GROSSI \u2013 168386, ser\u00e1 com vencimento \u00e0 raz\u00e3o de 24\/35 (vinte e quatro trinta e cinco avos).  {&#8220;height&#8221;:&#8221;15px&#8221;} <\/p>\n<div style=\"height:15px\" aria-hidden=\"true\" class=\"wp-block-spacer\"> <!-- \/wp:spacer  {\"layout\":{\"type\":\"flex\",\"justifyContent\":\"right\"}} \n\n<div class=\"wp-block-buttons\"><!-- wp:button {\"style\":{\"border\":{\"radius\":\"0px\"}},\"className\":\"is-style-outline\",\"fontSize\":\"small\"} \n\n<div class=\"wp-block-button has-custom-font-size is-style-outline \n\n","protected":false},"author":41,"featured_media":0,"comment_status":"closed","ping_status":"open","sticky":false,"template":"wp-custom-template-emissao-entre-01-05-2004-ate-30-06-2017","format":"standard","meta":{"_acf_changed":false,"iawp_total_views":1,"footnotes":""},"categories":[116],"tags":[125],"class_list":["post-92693","post","type-post","status-publish","format-standard","hentry","category-progepe","tag-aposentadoria"],"acf":[],"_links":{"self":[{"href":"https:\/\/progepe.ufpr.br\/portarias\/wp-json\/wp\/v2\/posts\/92693","targetHints":{"allow":["GET"]}}],"collection":[{"href":"https:\/\/progepe.ufpr.br\/portarias\/wp-json\/wp\/v2\/posts"}],"about":[{"href":"https:\/\/progepe.ufpr.br\/portarias\/wp-json\/wp\/v2\/types\/post"}],"author":[{"embeddable":true,"href":"https:\/\/progepe.ufpr.br\/portarias\/wp-json\/wp\/v2\/users\/41"}],"replies":[{"embeddable":true,"href":"https:\/\/progepe.ufpr.br\/portarias\/wp-json\/wp\/v2\/comments?post=92693"}],"version-history":[{"count":1,"href":"https:\/\/progepe.ufpr.br\/portarias\/wp-json\/wp\/v2\/posts\/92693\/revisions"}],"predecessor-version":[{"id":144538,"href":"https:\/\/progepe.ufpr.br\/portarias\/wp-json\/wp\/v2\/posts\/92693\/revisions\/144538"}],"wp:attachment":[{"href":"https:\/\/progepe.ufpr.br\/portarias\/wp-json\/wp\/v2\/media?parent=92693"}],"wp:term":[{"taxonomy":"category","embeddable":true,"href":"https:\/\/progepe.ufpr.br\/portarias\/wp-json\/wp\/v2\/categories?post=92693"},{"taxonomy":"post_tag","embeddable":true,"href":"https:\/\/progepe.ufpr.br\/portarias\/wp-json\/wp\/v2\/tags?post=92693"}],"curies":[{"name":"wp","href":"https:\/\/api.w.org\/{rel}","templated":true}]}}