{"id":92733,"date":"2016-08-29T10:17:00","date_gmt":"2016-08-29T13:17:00","guid":{"rendered":"http:\/\/progepe.ufpr.br\/portarias\/progepe-2016-19181\/"},"modified":"2023-08-03T12:15:54","modified_gmt":"2023-08-03T15:15:54","slug":"progepe-2016-19181","status":"publish","type":"post","link":"https:\/\/progepe.ufpr.br\/portarias\/progepe-2016-19181\/","title":{"rendered":"PORTARIA N\u00ba 19181\/PROGEPE, DE 29 DE AGOSTO DE 2016"},"content":{"rendered":"\n<p>A Pr\u00f3-Reitora de Gest\u00e3o de Pessoas da Universidade Federal do Paran\u00e1, no uso de suas atribui\u00e7\u00f5es, tendo em vista a compet\u00eancia que lhe \u00e9 conferida pela  Portaria  n\u00ba  2.590, de 26 de setembro  de  1997  e  considerando  o  que  consta  no  processo  n\u00ba 146636\/2016-02,<\/p>\n\n\n<p><strong>RESOLVE:<\/strong><\/p>\n\n\n<p>Conceder  aposentadoria  volunt\u00e1ria  por  tempo  de  contribui\u00e7\u00e3o,  nos termos do art. 6\u00ba da Emenda Constitucional n\u00ba 41\/03, \u00e0 servidora EVANI AQUINO DA SILVA HANKE \u2013 131156, lotada na Central de Compras da Pr\u00f3-Reitoria de Administra\u00e7\u00e3o, ocupante do cargo de Assistente em Administra\u00e7\u00e3o, n\u00edvel de classifica\u00e7\u00e3o D, n\u00edvel de capacita\u00e7\u00e3o III, padr\u00e3o  de  vencimento  13,  no  regime  de  trabalho  de  40  (quarenta)  horas  semanais,  com o vencimento do mencionado cargo, mais a gratifica\u00e7\u00e3o adicional por tempo de servi\u00e7o, prevista no art. 67 da Lei n\u00ba 8.112\/90, no \u00edndice de 4 (quatro) por cento, calculada sobre o vencimento b\u00e1sico, mais o incentivo \u00e0 qualifica\u00e7\u00e3o, institu\u00eddo pelo Decreto n\u00ba 5.824\/06.<\/p>\n\n\n<div style=\"height:15px\" aria-hidden=\"true\" class=\"wp-block-spacer\"><\/div>\n\n\n<div class=\"wp-block-buttons is-content-justification-right is-layout-flex wp-container-core-buttons-is-layout-1 wp-block-buttons-is-layout-flex\">\n<div class=\"wp-block-button has-custom-font-size is-style-outline has-small-font-size is-style-outline--1\"><a class=\"wp-block-button__link\" href=\"https:\/\/progepe.ufpr.br\/portarias\/wp-content\/uploads\/pcp\/PROGEPE\/2016\/19181PR.pdf\" style=\"border-radius:0px\" target=\"_blank\" rel=\"noreferrer noopener\">Acesse o arquivo da portaria<\/a><\/div><\/div>\n","protected":false},"excerpt":{"rendered":"<p>Conceder aposentadoria volunt\u00e1ria por tempo de contribui\u00e7\u00e3o, nos termos do art. 6\u00ba da Emenda Constitucional n\u00ba 41\/03, \u00e0 servidora EVANI AQUINO DA SILVA HANKE \u2013 131156, lotada na Central de Compras da Pr\u00f3-Reitoria de Administra\u00e7\u00e3o, ocupante do cargo de Assistente em Administra\u00e7\u00e3o, n\u00edvel de classifica\u00e7\u00e3o D, n\u00edvel de capacita\u00e7\u00e3o III, padr\u00e3o de vencimento 13, no regime de trabalho de 40 (quarenta) horas semanais, com o vencimento do mencionado cargo, mais a gratifica\u00e7\u00e3o adicional por tempo de servi\u00e7o, prevista no art. 67 da Lei n\u00ba 8.112\/90, no \u00edndice de 4 (quatro) por cento, calculada sobre o vencimento b\u00e1sico, mais<\/p>\n","protected":false},"author":41,"featured_media":0,"comment_status":"closed","ping_status":"open","sticky":false,"template":"wp-custom-template-emissao-entre-01-05-2004-ate-30-06-2017","format":"standard","meta":{"_acf_changed":false,"iawp_total_views":0,"footnotes":""},"categories":[116],"tags":[125],"class_list":["post-92733","post","type-post","status-publish","format-standard","hentry","category-progepe","tag-aposentadoria"],"acf":[],"_links":{"self":[{"href":"https:\/\/progepe.ufpr.br\/portarias\/wp-json\/wp\/v2\/posts\/92733","targetHints":{"allow":["GET"]}}],"collection":[{"href":"https:\/\/progepe.ufpr.br\/portarias\/wp-json\/wp\/v2\/posts"}],"about":[{"href":"https:\/\/progepe.ufpr.br\/portarias\/wp-json\/wp\/v2\/types\/post"}],"author":[{"embeddable":true,"href":"https:\/\/progepe.ufpr.br\/portarias\/wp-json\/wp\/v2\/users\/41"}],"replies":[{"embeddable":true,"href":"https:\/\/progepe.ufpr.br\/portarias\/wp-json\/wp\/v2\/comments?post=92733"}],"version-history":[{"count":1,"href":"https:\/\/progepe.ufpr.br\/portarias\/wp-json\/wp\/v2\/posts\/92733\/revisions"}],"predecessor-version":[{"id":116278,"href":"https:\/\/progepe.ufpr.br\/portarias\/wp-json\/wp\/v2\/posts\/92733\/revisions\/116278"}],"wp:attachment":[{"href":"https:\/\/progepe.ufpr.br\/portarias\/wp-json\/wp\/v2\/media?parent=92733"}],"wp:term":[{"taxonomy":"category","embeddable":true,"href":"https:\/\/progepe.ufpr.br\/portarias\/wp-json\/wp\/v2\/categories?post=92733"},{"taxonomy":"post_tag","embeddable":true,"href":"https:\/\/progepe.ufpr.br\/portarias\/wp-json\/wp\/v2\/tags?post=92733"}],"curies":[{"name":"wp","href":"https:\/\/api.w.org\/{rel}","templated":true}]}}