{"id":9285,"date":"2019-10-09T20:00:00","date_gmt":"2019-10-09T23:00:00","guid":{"rendered":"http:\/\/progepe.ufpr.br\/portal\/?post_type=portarias&#038;p=9285"},"modified":"2023-08-03T11:03:05","modified_gmt":"2023-08-03T14:03:05","slug":"dd-2019-00537","status":"publish","type":"post","link":"https:\/\/progepe.ufpr.br\/portarias\/dd-2019-00537\/","title":{"rendered":"PORTARIA N\u00ba 00537\/DD, DE 09 DE OUTUBRO DE 2019"},"content":{"rendered":"\n<p><strong>O Diretor Disciplinar da Universidade Federal do Paran\u00e1, <\/strong>no uso de suas atribui\u00e7\u00f5es, tendo em vista a compet\u00eancia que lhe \u00e9 conferida pela Portaria n\u00ba 593\/REITORIA, de 28 de agosto de 2017, o disposto nos artigos 191 e 192 do Regimento Geral da Universidade Federal do Paran\u00e1, o disposto no artigo 55 da Lei n\u00ba 9.784, de 29 de janeiro de 1999, e o que consta no Processo 23075.033805\/2019-80,<\/p>\n\n\n\n<p>RESOLVE:<\/p>\n\n\n\n<p>I &#8211; Designar\nos servidores TAYSA SCHIOCCHET \u2014 2283506, Professora do Magist\u00e9rio Superior,\nlotada no N\u00facleo de Pr\u00e1ticas Jur\u00eddicas do Setor de Ci\u00eancias Jur\u00eddicas;&nbsp;PHARNEY\nDE SOUZA FERREIRA \u2014 3052575, Administrador, lotado na Diretoria Disciplinar; e a\naluna ISABELLA LOUISE TRAUB SOARES DE SOUZA, estudante do Curso de Mestrado do\nPrograma de P\u00f3s-Gradua\u00e7\u00e3o em Direito do Setor de Ci\u00eancias Jur\u00eddicas, para, sob\na presid\u00eancia da primeira, constitu\u00edrem Comiss\u00e3o Disciplinar destinada a\napurar, no prazo de 30 (trinta) dias, os fatos de que trata o Processo 23075.033805\/2019-80,\ncom aproveitamento de todos os atos praticados e provas colhidas at\u00e9 o presente\nmomento, bem como proceder ao exame dos fatos conexos que emergirem no decorrer\ndos trabalhos.<\/p>\n\n\n\n<p>II \u2013 Convalidar todos os atos praticados pela Comiss\u00e3o no per\u00edodo de 8 de setembro de 2019 at\u00e9 o presente momento, eis que n\u00e3o evidenciadas quaisquer les\u00f5es ao interesse p\u00fablico nem preju\u00edzo a terceiros.<br><\/p>\n\n\n\n<p style=\"text-align:right\">\n\nMANOEL ROBERTO SILVA DE SOUZA<br>Diretor Disciplinar\n\n<\/p>\n","protected":false},"excerpt":{"rendered":"<p>I &#8211; Designar os servidores TAYSA SCHIOCCHET \u2014 2283506, Professora do Magist\u00e9rio Superior, lotada no N\u00facleo de Pr\u00e1ticas Jur\u00eddicas do Setor de Ci\u00eancias Jur\u00eddicas;&nbsp;PHARNEY DE SOUZA FERREIRA \u2014 3052575, Administrador, lotado na Diretoria Disciplinar; e a aluna ISABELLA LOUISE TRAUB SOARES DE SOUZA, estudante do Curso de Mestrado do Programa de P\u00f3s-Gradua\u00e7\u00e3o em Direito do Setor de Ci\u00eancias Jur\u00eddicas, para, sob a presid\u00eancia da primeira, constitu\u00edrem Comiss\u00e3o Disciplinar destinada a apurar, no prazo de 30 (trinta) dias, os fatos de que trata o Processo 23075.033805\/2019-80, com aproveitamento de todos os atos praticados e provas colhidas at\u00e9 o presente<\/p>\n","protected":false},"author":12,"featured_media":0,"comment_status":"closed","ping_status":"closed","sticky":false,"template":"","format":"standard","meta":{"_acf_changed":false,"iawp_total_views":0,"footnotes":""},"categories":[118],"tags":[132],"class_list":["post-9285","post","type-post","status-publish","format-standard","hentry","category-dd","tag-pad-sindicancia"],"acf":[],"_links":{"self":[{"href":"https:\/\/progepe.ufpr.br\/portarias\/wp-json\/wp\/v2\/posts\/9285","targetHints":{"allow":["GET"]}}],"collection":[{"href":"https:\/\/progepe.ufpr.br\/portarias\/wp-json\/wp\/v2\/posts"}],"about":[{"href":"https:\/\/progepe.ufpr.br\/portarias\/wp-json\/wp\/v2\/types\/post"}],"author":[{"embeddable":true,"href":"https:\/\/progepe.ufpr.br\/portarias\/wp-json\/wp\/v2\/users\/12"}],"replies":[{"embeddable":true,"href":"https:\/\/progepe.ufpr.br\/portarias\/wp-json\/wp\/v2\/comments?post=9285"}],"version-history":[{"count":2,"href":"https:\/\/progepe.ufpr.br\/portarias\/wp-json\/wp\/v2\/posts\/9285\/revisions"}],"predecessor-version":[{"id":190549,"href":"https:\/\/progepe.ufpr.br\/portarias\/wp-json\/wp\/v2\/posts\/9285\/revisions\/190549"}],"wp:attachment":[{"href":"https:\/\/progepe.ufpr.br\/portarias\/wp-json\/wp\/v2\/media?parent=9285"}],"wp:term":[{"taxonomy":"category","embeddable":true,"href":"https:\/\/progepe.ufpr.br\/portarias\/wp-json\/wp\/v2\/categories?post=9285"},{"taxonomy":"post_tag","embeddable":true,"href":"https:\/\/progepe.ufpr.br\/portarias\/wp-json\/wp\/v2\/tags?post=9285"}],"curies":[{"name":"wp","href":"https:\/\/api.w.org\/{rel}","templated":true}]}}