{"id":92995,"date":"2016-06-01T10:53:00","date_gmt":"2016-06-01T13:53:00","guid":{"rendered":"http:\/\/progepe.ufpr.br\/portarias\/progepe-2016-17471\/"},"modified":"2023-08-03T12:12:48","modified_gmt":"2023-08-03T15:12:48","slug":"progepe-2016-17471","status":"publish","type":"post","link":"https:\/\/progepe.ufpr.br\/portarias\/progepe-2016-17471\/","title":{"rendered":"PORTARIA N\u00ba 17471\/PROGEPE, DE 01 DE JUNHO DE 2016"},"content":{"rendered":"\n<p>A  Pr\u00f3-Reitora  de  Gest\u00e3o  de  Pessoas  da  Universidade Federal do Paran\u00e1, no uso de suas atribui\u00e7\u00f5es, tendo em vista a compet\u00eancia que lhe \u00e9 conferida pela Portaria n\u00ba 2.590, de 26 de setembro  de  1997  e  o  que  consta  no  Art.  100  e  103 da  Lei  n\u00ba 8.112\/90 e ainda o contido no processo n\u00ba 074017\/2015-10,<\/p>\n\n\n<p><strong>RESOLVE:<\/strong><\/p>\n\n\n<p>Averbar,  a  partir  de  29  de  abril  de  2016,  em favor  do  servidor GERSON ALVES PEREIRA \u2013 92347, ocupante do cargo de T\u00e9cnico de Laborat\u00f3rio \u00c1rea, lotado na Unidade de Conserva\u00e7\u00e3o Predial &#8211; \u00c1rea Civil da Superintend\u00eancia de Infraestrutura, o tempo de servi\u00e7o abaixo listado, para fins de: Aposentadoria e disponibilidade: EMPRESA PER\u00cdODO TOTAL DE DIAS DM Construtora de Obras Ltda. 01.08.1975 a 10.02.1976 194 DB  Engenharia  e  Montagens  Eletromec\u00e2nicas 31.08.1976 a 14.05.1977 257 Ltda. Patene e Branco Ltda. 01.03.1978 a 10.08.1978 163 Construtora Schaffer Ltda. 22.08.1978 a 30.09.1978 40 Minist\u00e9rio da Defesa \u2013 Ex\u00e9rcito Brasileiro 05.02.1979 a 15.12.1979 314 CEMSA Constru\u00e7\u00f5es  Engenharia  e  Montagens 23.06.1980 a 28.02.1981 251 S\/A Construtora Keller Ltda. 01.12.1981 a 05.06.1982 187 Catedral Constru\u00e7\u00f5es Civis Ltda. 01.02.1983 a 27.06.1983 147 Fanda\u00e7\u00e3o  da  Universidade  Federal  do  Paran\u00e1 12.12.1983 a 25.06.1985 562 para o Desen.<\/p>\n\n\n<div style=\"height:15px\" aria-hidden=\"true\" class=\"wp-block-spacer\"><\/div>\n\n\n<div class=\"wp-block-buttons is-content-justification-right is-layout-flex wp-container-core-buttons-is-layout-1 wp-block-buttons-is-layout-flex\">\n<div class=\"wp-block-button has-custom-font-size is-style-outline has-small-font-size is-style-outline--1\"><a class=\"wp-block-button__link\" href=\"https:\/\/progepe.ufpr.br\/portarias\/wp-content\/uploads\/pcp\/PROGEPE\/2016\/17471PR.pdf\" style=\"border-radius:0px\" target=\"_blank\" rel=\"noreferrer noopener\">Acesse o arquivo da portaria<\/a><\/div><\/div>\n","protected":false},"excerpt":{"rendered":"<p>Averbar, a partir de 29 de abril de 2016, em favor do servidor GERSON ALVES PEREIRA \u2013 92347, ocupante do cargo de T\u00e9cnico de Laborat\u00f3rio \u00c1rea, lotado na Unidade de Conserva\u00e7\u00e3o Predial &#8211; \u00c1rea Civil da Superintend\u00eancia de Infraestrutura, o tempo de servi\u00e7o abaixo listado, para fins de: Aposentadoria e disponibilidade: EMPRESA PER\u00cdODO TOTAL DE DIAS DM Construtora de Obras Ltda. 01.08.1975 a 10.02.1976 194 DB Engenharia e Montagens Eletromec\u00e2nicas 31.08.1976 a 14.05.1977 257 Ltda. Patene e Branco Ltda. 01.03.1978 a 10.08.1978 163 Construtora Schaffer Ltda. 22.08.1978 a 30.09.1978 40 Minist\u00e9rio da Defesa \u2013 Ex\u00e9rcito Brasileiro 05.02.1979 a<\/p>\n","protected":false},"author":41,"featured_media":0,"comment_status":"closed","ping_status":"open","sticky":false,"template":"wp-custom-template-emissao-entre-01-05-2004-ate-30-06-2017","format":"standard","meta":{"_acf_changed":false,"iawp_total_views":0,"footnotes":""},"categories":[116],"tags":[140],"class_list":["post-92995","post","type-post","status-publish","format-standard","hentry","category-progepe","tag-averbacao-desaverbacao"],"acf":[],"_links":{"self":[{"href":"https:\/\/progepe.ufpr.br\/portarias\/wp-json\/wp\/v2\/posts\/92995","targetHints":{"allow":["GET"]}}],"collection":[{"href":"https:\/\/progepe.ufpr.br\/portarias\/wp-json\/wp\/v2\/posts"}],"about":[{"href":"https:\/\/progepe.ufpr.br\/portarias\/wp-json\/wp\/v2\/types\/post"}],"author":[{"embeddable":true,"href":"https:\/\/progepe.ufpr.br\/portarias\/wp-json\/wp\/v2\/users\/41"}],"replies":[{"embeddable":true,"href":"https:\/\/progepe.ufpr.br\/portarias\/wp-json\/wp\/v2\/comments?post=92995"}],"version-history":[{"count":1,"href":"https:\/\/progepe.ufpr.br\/portarias\/wp-json\/wp\/v2\/posts\/92995\/revisions"}],"predecessor-version":[{"id":116475,"href":"https:\/\/progepe.ufpr.br\/portarias\/wp-json\/wp\/v2\/posts\/92995\/revisions\/116475"}],"wp:attachment":[{"href":"https:\/\/progepe.ufpr.br\/portarias\/wp-json\/wp\/v2\/media?parent=92995"}],"wp:term":[{"taxonomy":"category","embeddable":true,"href":"https:\/\/progepe.ufpr.br\/portarias\/wp-json\/wp\/v2\/categories?post=92995"},{"taxonomy":"post_tag","embeddable":true,"href":"https:\/\/progepe.ufpr.br\/portarias\/wp-json\/wp\/v2\/tags?post=92995"}],"curies":[{"name":"wp","href":"https:\/\/api.w.org\/{rel}","templated":true}]}}