{"id":93093,"date":"2016-08-29T10:12:00","date_gmt":"2016-08-29T13:12:00","guid":{"rendered":"http:\/\/progepe.ufpr.br\/portarias\/progepe-2016-19176\/"},"modified":"2023-08-03T12:15:54","modified_gmt":"2023-08-03T15:15:54","slug":"progepe-2016-19176","status":"publish","type":"post","link":"https:\/\/progepe.ufpr.br\/portarias\/progepe-2016-19176\/","title":{"rendered":"PORTARIA N\u00ba 19176\/PROGEPE, DE 29 DE AGOSTO DE 2016"},"content":{"rendered":"\n<p>A Pr\u00f3-Reitora de Gest\u00e3o de Pessoas da Universidade Federal do Paran\u00e1, no uso de suas atribui\u00e7\u00f5es, tendo em vista a compet\u00eancia que lhe \u00e9 conferida pela  Portaria  n\u00ba  2.590, de 26 de setembro  de  1997  e  considerando  o  que  consta  no  processo  n\u00ba 078697\/2009-01,<\/p>\n\n\n<p><strong>RESOLVE:<\/strong><\/p>\n\n\n<p>Retificar o item III da Portaria n\u00ba 6250\/PROGEPE, de 05 de julho de 2010, que averbou tempo de servi\u00e7o em favor do servidor de EDSON LUIZHANKE \u2013 107751, ocupante do  cargo  de  Eletricista,  lotado  na  Central  de  Transportes  da  Pr\u00f3-Reitoria  de Administra\u00e7\u00e3o: Onde se L\u00ea:  III \u2013 Averbar, a partir de 04 de maio de 2009, para fins de aposentadoria, disponibilidade, licen\u00e7a especial, e gratifica\u00e7\u00e3o adicional, o tempo de servi\u00e7o prestado ao Minist\u00e9rio do Ex\u00e9rcito&#8230; Leia-se:  III \u2013 Averbar, a partir de 04 de maio de 2009, para fins de aposentadoria e disponibilidade, o tempo de servi\u00e7o prestado ao Minist\u00e9rio do Ex\u00e9rcito&#8230;EDSON LUIZ HANKE<\/p>\n\n\n<div style=\"height:15px\" aria-hidden=\"true\" class=\"wp-block-spacer\"><\/div>\n\n\n<div class=\"wp-block-buttons is-content-justification-right is-layout-flex wp-container-core-buttons-is-layout-1 wp-block-buttons-is-layout-flex\">\n<div class=\"wp-block-button has-custom-font-size is-style-outline has-small-font-size is-style-outline--1\"><a class=\"wp-block-button__link\" href=\"https:\/\/progepe.ufpr.br\/portarias\/wp-content\/uploads\/pcp\/PROGEPE\/2016\/19176PR.pdf\" style=\"border-radius:0px\" target=\"_blank\" rel=\"noreferrer noopener\">Acesse o arquivo da portaria<\/a><\/div><\/div>\n","protected":false},"excerpt":{"rendered":"<p>Retificar o item III da Portaria n\u00ba 6250\/PROGEPE, de 05 de julho de 2010, que averbou tempo de servi\u00e7o em favor do servidor de EDSON LUIZHANKE \u2013 107751, ocupante do cargo de Eletricista, lotado na Central de Transportes da Pr\u00f3-Reitoria de Administra\u00e7\u00e3o: Onde se L\u00ea: III \u2013 Averbar, a partir de 04 de maio de 2009, para fins de aposentadoria, disponibilidade, licen\u00e7a especial, e gratifica\u00e7\u00e3o adicional, o tempo de servi\u00e7o prestado ao Minist\u00e9rio do Ex\u00e9rcito&#8230; Leia-se: III \u2013 Averbar, a partir de 04 de maio de 2009, para fins de aposentadoria e disponibilidade, o tempo de servi\u00e7o prestado<\/p>\n","protected":false},"author":41,"featured_media":0,"comment_status":"closed","ping_status":"open","sticky":false,"template":"wp-custom-template-emissao-entre-01-05-2004-ate-30-06-2017","format":"standard","meta":{"_acf_changed":false,"iawp_total_views":0,"footnotes":""},"categories":[116],"tags":[140],"class_list":["post-93093","post","type-post","status-publish","format-standard","hentry","category-progepe","tag-averbacao-desaverbacao"],"acf":[],"_links":{"self":[{"href":"https:\/\/progepe.ufpr.br\/portarias\/wp-json\/wp\/v2\/posts\/93093","targetHints":{"allow":["GET"]}}],"collection":[{"href":"https:\/\/progepe.ufpr.br\/portarias\/wp-json\/wp\/v2\/posts"}],"about":[{"href":"https:\/\/progepe.ufpr.br\/portarias\/wp-json\/wp\/v2\/types\/post"}],"author":[{"embeddable":true,"href":"https:\/\/progepe.ufpr.br\/portarias\/wp-json\/wp\/v2\/users\/41"}],"replies":[{"embeddable":true,"href":"https:\/\/progepe.ufpr.br\/portarias\/wp-json\/wp\/v2\/comments?post=93093"}],"version-history":[{"count":1,"href":"https:\/\/progepe.ufpr.br\/portarias\/wp-json\/wp\/v2\/posts\/93093\/revisions"}],"predecessor-version":[{"id":116562,"href":"https:\/\/progepe.ufpr.br\/portarias\/wp-json\/wp\/v2\/posts\/93093\/revisions\/116562"}],"wp:attachment":[{"href":"https:\/\/progepe.ufpr.br\/portarias\/wp-json\/wp\/v2\/media?parent=93093"}],"wp:term":[{"taxonomy":"category","embeddable":true,"href":"https:\/\/progepe.ufpr.br\/portarias\/wp-json\/wp\/v2\/categories?post=93093"},{"taxonomy":"post_tag","embeddable":true,"href":"https:\/\/progepe.ufpr.br\/portarias\/wp-json\/wp\/v2\/tags?post=93093"}],"curies":[{"name":"wp","href":"https:\/\/api.w.org\/{rel}","templated":true}]}}