{"id":93220,"date":"2016-05-06T10:45:00","date_gmt":"2016-05-06T13:45:00","guid":{"rendered":"http:\/\/progepe.ufpr.br\/portarias\/progepe-2016-17029\/"},"modified":"2023-08-03T12:11:59","modified_gmt":"2023-08-03T15:11:59","slug":"progepe-2016-17029","status":"publish","type":"post","link":"https:\/\/progepe.ufpr.br\/portarias\/progepe-2016-17029\/","title":{"rendered":"PORTARIA N\u00ba 17029\/PROGEPE, DE 06 DE MAIO DE 2016"},"content":{"rendered":"\n<p>A  Pr\u00f3-Reitora  de  Gest\u00e3o  de  Pessoas  da Universidade  Federal  do  Paran\u00e1, no  uso  de  suas atribui\u00e7\u00f5es, tendo em vista a compet\u00eancia que lhe \u00e9 conferida pela  Portaria  n\u00ba  2.590,  de  26  de  setembro  de  1997  e considerando o que consta no processo n\u00ba 131991\/2016-79,<\/p>\n\n\n<p><strong>RESOLVE:<\/strong><\/p>\n\n\n<p>Designar,  para  compor  a  comiss\u00e3o  respons\u00e1vel  pela organiza\u00e7\u00e3o de Concurso P\u00fablico de Pessoal T\u00e9cnico Administrativo, para provimento do quadro de pessoal da UFPR, dentro do que est\u00e1 previsto no Decreto n\u00ba 7.232, de 19 de julho de 2010, publicado no DOU de 20.07.2010, a partir de vac\u00e2ncias de cargos em que n\u00e3o h\u00e1 concurso v\u00e1lido, os seguintes membros: Presidente: DULCILEIA GON\u00c7ALVES RODRIGUES &#8211; 142930 Planejamento: TEREZINHA MILHORIN DE BRITTO MORETTI &#8211; 172022 Membros: JO\u00c3O MARIA DOS SANTOS \u2013 127965 ANDREIA WOITSCHECKOVSKY ALVES &#8211; 201955 DJAVAN FERNANDO DOS SANTOS &#8211; 203381 JOSIANE DO ROCIO MOSSON  &#8211; 203020 LORENA VON LINSINGEN &#8211; 131245 RENATO BASILIO RODRIGUES JUNIOR &#8211; 204393DULCILEIA GONCALVES RODRIGUES; TEREZINHA MILHORIN DE BRITTO MORETTI; JOAO MARIA DOS SANTOS; ANDREIA WOITSCHECKOVSKY ALVES; DJAVAN FERNANDO DOS SANTOS; JOSIANE DO ROCIO MOSSON; LORENA VON LINSINGEN; RENATO BASILIO RODRIGUES JUNIOR.<\/p>\n\n\n<div style=\"height:15px\" aria-hidden=\"true\" class=\"wp-block-spacer\"><\/div>\n\n\n<div class=\"wp-block-buttons is-content-justification-right is-layout-flex wp-container-core-buttons-is-layout-1 wp-block-buttons-is-layout-flex\">\n<div class=\"wp-block-button has-custom-font-size is-style-outline has-small-font-size is-style-outline--1\"><a class=\"wp-block-button__link\" href=\"https:\/\/progepe.ufpr.br\/portarias\/wp-content\/uploads\/pcp\/PROGEPE\/2016\/17029PR.pdf\" style=\"border-radius:0px\" target=\"_blank\" rel=\"noreferrer noopener\">Acesse o arquivo da portaria<\/a><\/div><\/div>\n","protected":false},"excerpt":{"rendered":"<p>Designar, para compor a comiss\u00e3o respons\u00e1vel pela organiza\u00e7\u00e3o de Concurso P\u00fablico de Pessoal T\u00e9cnico Administrativo, para provimento do quadro de pessoal da UFPR, dentro do que est\u00e1 previsto no Decreto n\u00ba 7.232, de 19 de julho de 2010, publicado no DOU de 20.07.2010, a partir de vac\u00e2ncias de cargos em que n\u00e3o h\u00e1 concurso v\u00e1lido, os seguintes membros: Presidente: DULCILEIA GON\u00c7ALVES RODRIGUES &#8211; 142930 Planejamento: TEREZINHA MILHORIN DE BRITTO MORETTI &#8211; 172022 Membros: JO\u00c3O MARIA DOS SANTOS \u2013 127965 ANDREIA WOITSCHECKOVSKY ALVES &#8211; 201955 DJAVAN FERNANDO DOS SANTOS &#8211; 203381 JOSIANE DO ROCIO MOSSON &#8211; 203020 LORENA VON<\/p>\n","protected":false},"author":41,"featured_media":0,"comment_status":"closed","ping_status":"open","sticky":false,"template":"wp-custom-template-emissao-entre-01-05-2004-ate-30-06-2017","format":"standard","meta":{"_acf_changed":false,"iawp_total_views":4,"footnotes":""},"categories":[116],"tags":[124],"class_list":["post-93220","post","type-post","status-publish","format-standard","hentry","category-progepe","tag-comissao"],"acf":[],"_links":{"self":[{"href":"https:\/\/progepe.ufpr.br\/portarias\/wp-json\/wp\/v2\/posts\/93220","targetHints":{"allow":["GET"]}}],"collection":[{"href":"https:\/\/progepe.ufpr.br\/portarias\/wp-json\/wp\/v2\/posts"}],"about":[{"href":"https:\/\/progepe.ufpr.br\/portarias\/wp-json\/wp\/v2\/types\/post"}],"author":[{"embeddable":true,"href":"https:\/\/progepe.ufpr.br\/portarias\/wp-json\/wp\/v2\/users\/41"}],"replies":[{"embeddable":true,"href":"https:\/\/progepe.ufpr.br\/portarias\/wp-json\/wp\/v2\/comments?post=93220"}],"version-history":[{"count":1,"href":"https:\/\/progepe.ufpr.br\/portarias\/wp-json\/wp\/v2\/posts\/93220\/revisions"}],"predecessor-version":[{"id":116677,"href":"https:\/\/progepe.ufpr.br\/portarias\/wp-json\/wp\/v2\/posts\/93220\/revisions\/116677"}],"wp:attachment":[{"href":"https:\/\/progepe.ufpr.br\/portarias\/wp-json\/wp\/v2\/media?parent=93220"}],"wp:term":[{"taxonomy":"category","embeddable":true,"href":"https:\/\/progepe.ufpr.br\/portarias\/wp-json\/wp\/v2\/categories?post=93220"},{"taxonomy":"post_tag","embeddable":true,"href":"https:\/\/progepe.ufpr.br\/portarias\/wp-json\/wp\/v2\/tags?post=93220"}],"curies":[{"name":"wp","href":"https:\/\/api.w.org\/{rel}","templated":true}]}}