{"id":93729,"date":"2016-06-06T10:05:00","date_gmt":"2016-06-06T13:05:00","guid":{"rendered":"http:\/\/progepe.ufpr.br\/portarias\/progepe-2016-17544\/"},"modified":"2023-08-03T12:12:56","modified_gmt":"2023-08-03T15:12:56","slug":"progepe-2016-17544","status":"publish","type":"post","link":"https:\/\/progepe.ufpr.br\/portarias\/progepe-2016-17544\/","title":{"rendered":"PORTARIA N\u00ba 17544\/PROGEPE, DE 06 DE JUNHO DE 2016"},"content":{"rendered":"\n<p>A Pr\u00f3-Reitora de Gest\u00e3o de Pessoas da Universidade Federal do Paran\u00e1, no uso de suas atribui\u00e7\u00f5es, tendo em vista a compet\u00eancia que lhe \u00e9 conferida pela Portaria n\u00ba 2.590, de 26 de setembro de 1997 e considerando o que consta no processo n\u00ba 111234\/2016-89,<\/p>\n\n\n<p><strong>RESOLVE:<\/strong><\/p>\n\n\n<p>Restabelecer o pagamento dos inativos e benefici\u00e1rios de pens\u00e3o, suspenso em raz\u00e3o da falta de recadastramento anual, tendo em vista a atualiza\u00e7\u00e3o cadastral, conforme rela\u00e7\u00e3o abaixo: 340685 ALMIR CHAGAS VILELA Aposentadoria 340384 CLAUDINA ALVES FONTOURA Aposentadoria 4744063 EZILIA PILOTTO Pens\u00e3o 340814 ILIAN ZACARIAS XAVIER ROTH Aposentadoria 5703964 JOAREZA BAUMEIER Pens\u00e3o 340623 MARCOS EDUARDO KLUPPEL Aposentadoria Publicado no Di\u00e1rio Oficial  da Uni\u00e3o n. 109 De 09.06.2016, Se\u00e7\u00e3o 2, p\u00e1g. 33ALMIR CHAGAS VILELA; CLAUDINA ALVES FONTOURA; EZILIA PILOTTO; ILIAN ZACARIAS XAVIER ROTH; JOAREZA BAUMEIER; MARCOS EDUARDO KLUPPEL<\/p>\n\n\n<div style=\"height:15px\" aria-hidden=\"true\" class=\"wp-block-spacer\"><\/div>\n\n\n<div class=\"wp-block-buttons is-content-justification-right is-layout-flex wp-container-core-buttons-is-layout-1 wp-block-buttons-is-layout-flex\">\n<div class=\"wp-block-button has-custom-font-size is-style-outline has-small-font-size is-style-outline--1\"><a class=\"wp-block-button__link\" href=\"https:\/\/progepe.ufpr.br\/portarias\/wp-content\/uploads\/pcp\/PROGEPE\/2016\/17544PR.pdf\" style=\"border-radius:0px\" target=\"_blank\" rel=\"noreferrer noopener\">Acesse o arquivo da portaria<\/a><\/div><\/div>\n","protected":false},"excerpt":{"rendered":"<p>Restabelecer o pagamento dos inativos e benefici\u00e1rios de pens\u00e3o, suspenso em raz\u00e3o da falta de recadastramento anual, tendo em vista a atualiza\u00e7\u00e3o cadastral, conforme rela\u00e7\u00e3o abaixo: 340685 ALMIR CHAGAS VILELA Aposentadoria 340384 CLAUDINA ALVES FONTOURA Aposentadoria 4744063 EZILIA PILOTTO Pens\u00e3o 340814 ILIAN ZACARIAS XAVIER ROTH Aposentadoria 5703964 JOAREZA BAUMEIER Pens\u00e3o 340623 MARCOS EDUARDO KLUPPEL Aposentadoria Publicado no Di\u00e1rio Oficial da Uni\u00e3o n. 109 De 09.06.2016, Se\u00e7\u00e3o 2, p\u00e1g. 33ALMIR CHAGAS VILELA; CLAUDINA ALVES FONTOURA; EZILIA PILOTTO; ILIAN ZACARIAS XAVIER ROTH; JOAREZA BAUMEIER; MARCOS EDUARDO KLUPPEL  {&#8220;height&#8221;:&#8221;15px&#8221;} <\/p>\n<div style=\"height:15px\" aria-hidden=\"true\" class=\"wp-block-spacer\"> <!-- \/wp:spacer  {\"layout\":{\"type\":\"flex\",\"justifyContent\":\"right\"}} \n\n<div class=\"wp-block-buttons\"><!-- wp:button\n<\/p>\n","protected":false},"author":41,"featured_media":0,"comment_status":"closed","ping_status":"open","sticky":false,"template":"wp-custom-template-emissao-entre-01-05-2004-ate-30-06-2017","format":"standard","meta":{"_acf_changed":false,"iawp_total_views":0,"footnotes":""},"categories":[116],"tags":[119],"class_list":["post-93729","post","type-post","status-publish","format-standard","hentry","category-progepe","tag-diversos"],"acf":[],"_links":{"self":[{"href":"https:\/\/progepe.ufpr.br\/portarias\/wp-json\/wp\/v2\/posts\/93729","targetHints":{"allow":["GET"]}}],"collection":[{"href":"https:\/\/progepe.ufpr.br\/portarias\/wp-json\/wp\/v2\/posts"}],"about":[{"href":"https:\/\/progepe.ufpr.br\/portarias\/wp-json\/wp\/v2\/types\/post"}],"author":[{"embeddable":true,"href":"https:\/\/progepe.ufpr.br\/portarias\/wp-json\/wp\/v2\/users\/41"}],"replies":[{"embeddable":true,"href":"https:\/\/progepe.ufpr.br\/portarias\/wp-json\/wp\/v2\/comments?post=93729"}],"version-history":[{"count":1,"href":"https:\/\/progepe.ufpr.br\/portarias\/wp-json\/wp\/v2\/posts\/93729\/revisions"}],"predecessor-version":[{"id":117126,"href":"https:\/\/progepe.ufpr.br\/portarias\/wp-json\/wp\/v2\/posts\/93729\/revisions\/117126"}],"wp:attachment":[{"href":"https:\/\/progepe.ufpr.br\/portarias\/wp-json\/wp\/v2\/media?parent=93729"}],"wp:term":[{"taxonomy":"category","embeddable":true,"href":"https:\/\/progepe.ufpr.br\/portarias\/wp-json\/wp\/v2\/categories?post=93729"},{"taxonomy":"post_tag","embeddable":true,"href":"https:\/\/progepe.ufpr.br\/portarias\/wp-json\/wp\/v2\/tags?post=93729"}],"curies":[{"name":"wp","href":"https:\/\/api.w.org\/{rel}","templated":true}]}}