{"id":93750,"date":"2016-09-16T10:01:00","date_gmt":"2016-09-16T13:01:00","guid":{"rendered":"http:\/\/progepe.ufpr.br\/portarias\/progepe-2016-19491\/"},"modified":"2023-08-03T12:16:29","modified_gmt":"2023-08-03T15:16:29","slug":"progepe-2016-19491","status":"publish","type":"post","link":"https:\/\/progepe.ufpr.br\/portarias\/progepe-2016-19491\/","title":{"rendered":"PORTARIA N\u00ba 19491\/PROGEPE, DE 16 DE SETEMBRO DE 2016"},"content":{"rendered":"\n<p>A Pr\u00f3-Reitora de Gest\u00e3o de Pessoas da Universidade Federal do Paran\u00e1, no uso de suas atribui\u00e7\u00f5es, tendo em vista a compet\u00eancia que lhe \u00e9 conferida pela Portaria n\u00ba 2.590, de 26 de setembro de 1997 e considerando o que consta no processo n\u00ba 111234\/2016-89,<\/p>\n\n\n<p><strong>RESOLVE:<\/strong><\/p>\n\n\n<p>Restabelecer o pagamento dos inativos e benefici\u00e1rios de pens\u00e3o, suspenso em raz\u00e3o da falta de recadastramento anual, tendo em vista a atualiza\u00e7\u00e3o cadastral, conforme rela\u00e7\u00e3o abaixo: 341577 NEUZA SANTOS OLIVEIRA Aposentadoria 341156 JOSUE BRISOLA Aposentadoria 3934845 MARYELY BEATRIZ ROHAMANN DE SOUZA Pens\u00e3o Publicado no Di\u00e1rio Oficial  da Uni\u00e3o n. 180 De 19.09.2016, Se\u00e7\u00e3o 2, p\u00e1g. 27NEUZA SANTOS OLIVEIRA; JOSUE BRISOLA; MARYELY BEATRIZ ROHAMANN DE SOUZA<\/p>\n\n\n<div style=\"height:15px\" aria-hidden=\"true\" class=\"wp-block-spacer\"><\/div>\n\n\n<div class=\"wp-block-buttons is-content-justification-right is-layout-flex wp-container-core-buttons-is-layout-1 wp-block-buttons-is-layout-flex\">\n<div class=\"wp-block-button has-custom-font-size is-style-outline has-small-font-size is-style-outline--1\"><a class=\"wp-block-button__link\" href=\"https:\/\/progepe.ufpr.br\/portarias\/wp-content\/uploads\/pcp\/PROGEPE\/2016\/19491PR.pdf\" style=\"border-radius:0px\" target=\"_blank\" rel=\"noreferrer noopener\">Acesse o arquivo da portaria<\/a><\/div><\/div>\n","protected":false},"excerpt":{"rendered":"<p>Restabelecer o pagamento dos inativos e benefici\u00e1rios de pens\u00e3o, suspenso em raz\u00e3o da falta de recadastramento anual, tendo em vista a atualiza\u00e7\u00e3o cadastral, conforme rela\u00e7\u00e3o abaixo: 341577 NEUZA SANTOS OLIVEIRA Aposentadoria 341156 JOSUE BRISOLA Aposentadoria 3934845 MARYELY BEATRIZ ROHAMANN DE SOUZA Pens\u00e3o Publicado no Di\u00e1rio Oficial da Uni\u00e3o n. 180 De 19.09.2016, Se\u00e7\u00e3o 2, p\u00e1g. 27NEUZA SANTOS OLIVEIRA; JOSUE BRISOLA; MARYELY BEATRIZ ROHAMANN DE SOUZA  {&#8220;height&#8221;:&#8221;15px&#8221;} <\/p>\n<div style=\"height:15px\" aria-hidden=\"true\" class=\"wp-block-spacer\"> <!-- \/wp:spacer  {\"layout\":{\"type\":\"flex\",\"justifyContent\":\"right\"}} \n\n<div class=\"wp-block-buttons\"><!-- wp:button {\"style\":{\"border\":{\"radius\":\"0px\"}},\"className\":\"is-style-outline\",\"fontSize\":\"small\"} \n\n<div class=\"wp-block-button has-custom-font-size is-style-outline has-small-font-size\"><a class=\"wp-block-button__link\" href=\"https:\/\/progepe.ufpr.br\/portarias\/wp-content\/uploads\/pcp\/PROGEPE\/2016\/19491PR.pdf\" style=\"border-radius:0px\" target=\"_blank\"\n<\/p>\n","protected":false},"author":41,"featured_media":0,"comment_status":"closed","ping_status":"open","sticky":false,"template":"wp-custom-template-emissao-entre-01-05-2004-ate-30-06-2017","format":"standard","meta":{"_acf_changed":false,"iawp_total_views":0,"footnotes":""},"categories":[116],"tags":[119],"class_list":["post-93750","post","type-post","status-publish","format-standard","hentry","category-progepe","tag-diversos"],"acf":[],"_links":{"self":[{"href":"https:\/\/progepe.ufpr.br\/portarias\/wp-json\/wp\/v2\/posts\/93750","targetHints":{"allow":["GET"]}}],"collection":[{"href":"https:\/\/progepe.ufpr.br\/portarias\/wp-json\/wp\/v2\/posts"}],"about":[{"href":"https:\/\/progepe.ufpr.br\/portarias\/wp-json\/wp\/v2\/types\/post"}],"author":[{"embeddable":true,"href":"https:\/\/progepe.ufpr.br\/portarias\/wp-json\/wp\/v2\/users\/41"}],"replies":[{"embeddable":true,"href":"https:\/\/progepe.ufpr.br\/portarias\/wp-json\/wp\/v2\/comments?post=93750"}],"version-history":[{"count":1,"href":"https:\/\/progepe.ufpr.br\/portarias\/wp-json\/wp\/v2\/posts\/93750\/revisions"}],"predecessor-version":[{"id":117146,"href":"https:\/\/progepe.ufpr.br\/portarias\/wp-json\/wp\/v2\/posts\/93750\/revisions\/117146"}],"wp:attachment":[{"href":"https:\/\/progepe.ufpr.br\/portarias\/wp-json\/wp\/v2\/media?parent=93750"}],"wp:term":[{"taxonomy":"category","embeddable":true,"href":"https:\/\/progepe.ufpr.br\/portarias\/wp-json\/wp\/v2\/categories?post=93750"},{"taxonomy":"post_tag","embeddable":true,"href":"https:\/\/progepe.ufpr.br\/portarias\/wp-json\/wp\/v2\/tags?post=93750"}],"curies":[{"name":"wp","href":"https:\/\/api.w.org\/{rel}","templated":true}]}}